{"id":267334,"date":"2019-06-03T07:42:48","date_gmt":"2019-06-03T05:42:48","guid":{"rendered":"http:\/\/www.pcnen.com\/portal\/?p=267334"},"modified":"2019-06-03T07:42:48","modified_gmt":"2019-06-03T05:42:48","slug":"sumska-devojcica","status":"publish","type":"post","link":"https:\/\/www.pcnen.com\/portal\/2019\/06\/03\/sumska-devojcica\/","title":{"rendered":"\u0160umska devoj\u010dica"},"content":{"rendered":"<p><strong><img loading=\"lazy\" decoding=\"async\" class=\"alignright size-medium wp-image-127232\" src=\"http:\/\/www.pcnen.com\/portal\/wp-content\/uploads\/2013\/10\/stranac_noc-300x213.jpg\" alt=\"\" width=\"300\" height=\"213\" \/>Autor: Sr\u0111an Milo\u0161evi\u0107<\/strong><\/p>\n<p>Ana Brnabi\u0107. Ime i prezime politi\u010dkog besmisla i besmislenosti politike u Srbiji. Po\u0161to je na javnu pozornicu stupila kao natur\u0161\u010dik kojem je u politikantskom, \u0161alabajzerski sprovedenom \u201ekastingu\u201c dodeljena (makar formacijski) glavna uloga, po\u010dela je na brzinu da \u201esmi\u0161lja znanje\u201c o svemu njoj dotada\u0161njoj nepoznatom i stranom, a bitnom za politi\u010dku karijeru i funkciju na kojoj se, ni kriva ni du\u017ena, na\u0161la. Istovremeno, instinktivno je po\u010dela da pabir\u010di budala\u0161tine iz arsenala srpske soka\u010dke nacional-\u0161ovenske ideologije i kafanske politi\u010dke nekulture. Od neke vrlo daleke prefiguracije onoga \u0161to se u ozbiljnom politi\u010dkom ozra\u010dju zove tehnokratom, koji je li\u0161en politi\u010dke afilijacije i imun na ideologiju, Brnabi\u0107 je postala neki poku\u0161aj \u201etrudi se\u201c \u010dlanice Kola srpskih sestara, infantilno li\u0161ena ose\u0107aja za takti\u010dno razlikovanje izme\u0111u onoga \u0161to se zapravo misli, ali se ne govori i onoga \u0161to se govori iako se stvarno ne misli, \u0161to je \u010desta pojava u slu\u010dajevima kada ni takta ni mi\u0161ljenja zapravo ni nema. Sve je to kod Ane Brnabi\u0107 pome\u0161ano u jednu vri\u0161te\u0107u neuverljivost.<\/p>\n<p>Omra\u017eena od \u0161ovinisti\u010dke balafurdije manje-vi\u0161e zbog onoga \u0161to je u njenoj li\u010dnosti ljudsko i ranjivo, a tome uprkos prihva\u0107ena od svojih sustran\u010dara zahvaljuju\u0107i nare\u0111enom odstupanju od istog takvog balafurdijskog primitivizma, Brnabi\u0107 se ubrzano nacionalizovala, postaju\u0107i agresivni dokaziva\u010d svoje nacionalne ispravnosti. Iako tim nezgrapnim igrokazom, dodu\u0161e, ni\u0161ta nije dobijeno na uverljivosti, makar su mantre koje izgovara poput nekog napamet nau\u010denog teksta, \u010diji sadr\u017eaj zapravo ne razume, nacionalno pravoverne.<\/p>\n<p>U tu vrstu premijerkinih izleta u imanje politi\u010dkih stavova spada i nedavna izjava da su kosovski lideri \u201edirektno iz te \u0161ume\u2026 iza\u0161li i postali lideri politi\u010dkih elita u Pri\u0161tini\u201c. Preterana samouverenost i o\u0161trina u izra\u017eavanju \u201estava\u201c, svojstvena svakom poznouku koji \u017eeli ostaviti utisak na publiku kojoj se obra\u0107a, problemati\u010dni su u svakoj od mogu\u0107ih posledica. Takva neodmerenost naru\u0161ava ugled funkcije, ne doprinosi smirivanju uzburkanih odnosa, slu\u017ei isklju\u010divo samopromociji premijerke kao \u201e\u010deli\u010dne ledi\u201c srpskog nacionalizma i uop\u0161te govore\u0107i ne mo\u017ee proizvesti ba\u0161 nikakav pozitivan efekat u onoj sferi gde je takav efekat najpotrebniji \u2013 a to su srpsko-albanski odnosi.<\/p>\n<p>Ali \u0161ta je u ovoj izjavi i istorijski relevantno? Iako je premijerka o\u010dito mislila na gerilski karakter OVK, postoje jaki razlozi za\u0161to bi ba\u0161 svako ko se na\u0111e na \u010delu vlade Srbije naro\u010dito morao da vodi ra\u010duna o tome kako kvalifikuje stvari. Naime, jedan drugi (u to vreme ve\u0107 biv\u0161i) predsednik vlade Srbije, Vladan \u0110or\u0111evi\u0107, pisao1 je svojevremeno (1913. godine) ni manje ni vi\u0161e nego o \u201erepatim Arnautima\u201c to jest da u \u201ehiljadama godina, u kojima se ljudski rep sve manje upotrebljavao, taj organ \u010dove\u010djeg tela sve je vi\u0161e kr\u017eljavio, dok se najzad u istorijsko doba nije sveo na ono nekoliko ko\u0161tica u trtici. Jedino me\u0111u Arnautima izgleda kao da je i u XIX veku \u017eiveo jo\u0161 po koji repat \u010dovek\u201c. Iako je ove svoje tvrdnje preuzeo iz jednog austrijskog izvora, \u0110or\u0111evi\u0107 je, u specifi\u010dnom kontekstu, brane\u0107i \u201esrpske dr\u017eavne interese\u201c protiv stvaranja albanske dr\u017eave, te tvrdnje koristio kao diskvalifikuju\u0107e za Albance. To je opskurni rasisti\u010dki sadr\u017eaj koji premijerki u njenoj recentnoj zainteresovanosti za va\u017ena i te\u0161ka pitanja, o\u010dito, nije poznat. Dodu\u0161e, i da jeste, nema garancije da bi postupila druga\u010dije. Ali, ako taj sadr\u017eaj nije poznat premijerki vlade Srbije, nesumnjivo je deo korpusa znanja bezmalo svakog obave\u0161tenijeg Albanca, pa se nije \u010duditi za\u0161to su kosovski politi\u010dari re\u0161ili da poentiraju nategnutim zazivanjem rasisti\u010dkih implikacija premijerkine izjave.<\/p>\n<p>Istorijska iskustva stvaraju odre\u0111enu obavezu, name\u0107u kontekstualno uslovljene obzire i zahtevaju vrlo osetljiv politi\u010dki nerv. Da \u2013 to je ta omra\u017eena politi\u010dka korektnost bez koje politika mo\u017ee delovati zanimljivije onoliko koliko se na bunji\u0161tu mo\u017ee na\u0107i zanimljivijeg sadr\u017eaja nego u nekom sterilnom prostoru. Ali \u0161ta je korist od te zanimljivosti? Govore\u0107i o va\u017enosti leksike, koliko je samo besmisleno i pogre\u0161no kada se \u2013 u kontekstu u kojem se raspravlja o re\u0161avanju nacionalnih konflikata pra\u0107enih te\u0161kim zlo\u010dinima \u2013 govori o \u201ekona\u010dnom re\u0161enju\u201c problema, \u0161to \u010desto \u010dine ovda\u0161nji politi\u010dari kada je re\u010d o Kosovu. Sli\u010dnu negativnu asocijaciju je svojom izjavom prouzrokovala premijerka Ana Brnabi\u0107, \u010dija se kolosalna politi\u010dka netakti\u010dnost zaista mo\u017ee kvalifikovati kao \u2013 \u0161umska.<\/p>\n<p><a href=\"https:\/\/pescanik.net\/sumska-devojcica\/\">Pe\u0161\u010danik.net<\/a><\/p>\n","protected":false},"excerpt":{"rendered":"<p>Istorijska iskustva stvaraju odre\u0111enu obavezu, name\u0107u kontekstualno uslovljene obzire i zahtevaju vrlo osetljiv politi\u010dki nerv<\/p>\n","protected":false},"author":1,"featured_media":0,"comment_status":"open","ping_status":"closed","sticky":false,"template":"","format":"standard","meta":{"_seopress_robots_primary_cat":"","_seopress_titles_title":"","_seopress_titles_desc":"","_seopress_robots_index":"","_et_pb_use_builder":"","_et_pb_old_content":"","_et_gb_content_width":"","inline_featured_image":false,"footnotes":""},"categories":[5],"tags":[],"class_list":["post-267334","post","type-post","status-publish","format-standard","hentry","category-drugi-pisu"],"_links":{"self":[{"href":"https:\/\/www.pcnen.com\/portal\/wp-json\/wp\/v2\/posts\/267334","targetHints":{"allow":["GET"]}}],"collection":[{"href":"https:\/\/www.pcnen.com\/portal\/wp-json\/wp\/v2\/posts"}],"about":[{"href":"https:\/\/www.pcnen.com\/portal\/wp-json\/wp\/v2\/types\/post"}],"author":[{"embeddable":true,"href":"https:\/\/www.pcnen.com\/portal\/wp-json\/wp\/v2\/users\/1"}],"replies":[{"embeddable":true,"href":"https:\/\/www.pcnen.com\/portal\/wp-json\/wp\/v2\/comments?post=267334"}],"version-history":[{"count":0,"href":"https:\/\/www.pcnen.com\/portal\/wp-json\/wp\/v2\/posts\/267334\/revisions"}],"wp:attachment":[{"href":"https:\/\/www.pcnen.com\/portal\/wp-json\/wp\/v2\/media?parent=267334"}],"wp:term":[{"taxonomy":"category","embeddable":true,"href":"https:\/\/www.pcnen.com\/portal\/wp-json\/wp\/v2\/categories?post=267334"},{"taxonomy":"post_tag","embeddable":true,"href":"https:\/\/www.pcnen.com\/portal\/wp-json\/wp\/v2\/tags?post=267334"}],"curies":[{"name":"wp","href":"https:\/\/api.w.org\/{rel}","templated":true}]}}