{"id":267324,"date":"2019-06-02T21:14:00","date_gmt":"2019-06-02T19:14:00","guid":{"rendered":"http:\/\/www.pcnen.com\/portal\/?p=267324"},"modified":"2019-06-02T21:14:00","modified_gmt":"2019-06-02T19:14:00","slug":"pljuskovi-i-grmljavina-mjestimicno","status":"publish","type":"post","link":"https:\/\/www.pcnen.com\/portal\/2019\/06\/02\/pljuskovi-i-grmljavina-mjestimicno\/","title":{"rendered":"Pljuskovi i grmljavina mjestimi\u010dno"},"content":{"rendered":"<p><img loading=\"lazy\" decoding=\"async\" class=\"size-medium wp-image-215164 alignleft\" src=\"http:\/\/www.pcnen.com\/portal\/wp-content\/uploads\/2016\/10\/kisna-noc-300x225.jpg\" alt=\"\" width=\"300\" height=\"225\" \/>Ki\u0161e \u0107e povremeno biti i u ponedjeljak, a metereolozi najavljuju mjestimi\u010dno pljuskove i grmljavinu. Ponegdje u Crnoj Gori bi\u0107e mogu\u0107i i izra\u017eeniji pljuskovi.<\/p>\n<p>Vjetar promjenljivog smjera bi\u0107e slab do umjeren, a u sjevernim djelovima Crne Gore povremeno \u0107e duvati sa sjevera umjereno do poja\u010dano.<\/p>\n<p>Jutarnja temperatura vazduha bi\u0107e od 9 do 17, a najvi\u0161a dnevna od 12 do 22 stepena.<\/p>\n<p>U Podgorici \u0107e biti prete\u017eno obla\u010dno, povremeno sa ki\u0161om ili pljuskom pra\u0107enim grmljavinom. Vjetar promjenljivog smjera bi\u0107e slab do umjeren. Jutarnja temperatura vazduha bi\u0107e oko 17, a najvi\u0161a dnevna do 21 stepen.<\/p>\n<p><a href=\"http:\/\/www.meteo.co.me\/misc.php?text=121&amp;sektor=1&amp;grad=SAV\">Prognoza za ostale gradove.<\/a><\/p>\n","protected":false},"excerpt":{"rendered":"<p>Pljuskovi \u0107e biti izra\u017eeniji ponegdje u Crnoj Gori<\/p>\n","protected":false},"author":1,"featured_media":0,"comment_status":"open","ping_status":"closed","sticky":false,"template":"","format":"standard","meta":{"_seopress_robots_primary_cat":"","_seopress_titles_title":"","_seopress_titles_desc":"","_seopress_robots_index":"","_et_pb_use_builder":"","_et_pb_old_content":"","_et_gb_content_width":"","inline_featured_image":false,"footnotes":""},"categories":[14,12],"tags":[],"class_list":["post-267324","post","type-post","status-publish","format-standard","hentry","category-vijesti","category-prica-dana"],"_links":{"self":[{"href":"https:\/\/www.pcnen.com\/portal\/wp-json\/wp\/v2\/posts\/267324","targetHints":{"allow":["GET"]}}],"collection":[{"href":"https:\/\/www.pcnen.com\/portal\/wp-json\/wp\/v2\/posts"}],"about":[{"href":"https:\/\/www.pcnen.com\/portal\/wp-json\/wp\/v2\/types\/post"}],"author":[{"embeddable":true,"href":"https:\/\/www.pcnen.com\/portal\/wp-json\/wp\/v2\/users\/1"}],"replies":[{"embeddable":true,"href":"https:\/\/www.pcnen.com\/portal\/wp-json\/wp\/v2\/comments?post=267324"}],"version-history":[{"count":0,"href":"https:\/\/www.pcnen.com\/portal\/wp-json\/wp\/v2\/posts\/267324\/revisions"}],"wp:attachment":[{"href":"https:\/\/www.pcnen.com\/portal\/wp-json\/wp\/v2\/media?parent=267324"}],"wp:term":[{"taxonomy":"category","embeddable":true,"href":"https:\/\/www.pcnen.com\/portal\/wp-json\/wp\/v2\/categories?post=267324"},{"taxonomy":"post_tag","embeddable":true,"href":"https:\/\/www.pcnen.com\/portal\/wp-json\/wp\/v2\/tags?post=267324"}],"curies":[{"name":"wp","href":"https:\/\/api.w.org\/{rel}","templated":true}]}}