{"id":267309,"date":"2019-06-02T16:03:22","date_gmt":"2019-06-02T14:03:22","guid":{"rendered":"http:\/\/www.pcnen.com\/portal\/?p=267309"},"modified":"2019-06-02T16:03:22","modified_gmt":"2019-06-02T14:03:22","slug":"orav-rijesiti-aferu-koverat","status":"publish","type":"post","link":"https:\/\/www.pcnen.com\/portal\/2019\/06\/02\/orav-rijesiti-aferu-koverat\/","title":{"rendered":"Orav: Rije\u0161iti aferu Koverat"},"content":{"rendered":"<p><img loading=\"lazy\" decoding=\"async\" src=\"http:\/\/www.pcnen.com\/portal\/wp-content\/uploads\/2016\/07\/aivo-orav-300x222.jpg\" alt=\"\" width=\"300\" height=\"222\" class=\"alignright size-medium wp-image-209837\" srcset=\"https:\/\/www.pcnen.com\/portal\/wp-content\/uploads\/2016\/07\/aivo-orav.jpg 300w, https:\/\/www.pcnen.com\/portal\/wp-content\/uploads\/2016\/07\/aivo-orav-235x174.jpg 235w, https:\/\/www.pcnen.com\/portal\/wp-content\/uploads\/2016\/07\/aivo-orav-75x56.jpg 75w, https:\/\/www.pcnen.com\/portal\/wp-content\/uploads\/2016\/07\/aivo-orav-220x163.jpg 220w\" sizes=\"(max-width: 300px) 100vw, 300px\" \/>Svi treba da u\u010destvuju u radu Skup\u0161tine i privremenog Odbora za izmjenu izbornog zakonodavstva, rekao je \u0161ef Delegacije Evropske unije (EU) u Crnoj Gori, Aivo Orav i dodao da se nada da \u0107e crnogorske institucije u\u010diniti sve da rije\u0161e aferu Koverat.<\/p>\n<p>Paket pro\u0161irenja za dr\u017eave Zapadnog Balkana i za Tursku, kao i Izvje\u0161taj o Crnoj Gori predstavljen je u srijedu u Briselu.<\/p>\n<p>Orav je u intervjuu agenciji Mina kazao da je u Izvje\u0161taju pomenuto da je povjerenje u izborni okvir veoma nisko i da je to razlog za\u0161to je neophodna sveobuhvatna reforma.<\/p>\n<p>Kako je rekao, privremeni Odbor za reformu izbornog i drugog zakonodavstva formiran je na zahtjev dvije opozicione stranke a da, kada je oformljen, te dvije stranke su odlu\u010dile da ne u\u010destvuju.<\/p>\n<p>&#8220;Na\u017ealost, to nije dobro jer trenutna vladaju\u0107a koalicija i neke opozicione stranke obavljaju svoj posao, me\u0111utim, ne postoji puna opoziciona kontrola. Ovaj proces treba da bude inkluzivan kako slede\u0107i izbori ne bi bili osporavani ili bojkotovani&#8221;, rekao je Orav.<\/p>\n<p>Kako je kazao, poruka EU za sve je da u\u010destvuju u radu priovremenog Odbora i da svi treba da u\u010destvuju u radu Skup\u0161tine gdje se odr\u017eavaju ove veoma va\u017ene diskusije.<\/p>\n<p>Upitan da li \u0107e Crna Gora snositi neke posledice ukoliko se afera Koverta pomene u slede\u0107em Izvje\u0161taju, Orav je naveo da je rije\u010d \u00bbposledice\u00ab o\u0161tra i jaka.<\/p>\n<p>&#8220;Iako ne\u0161to notiramo u Izvje\u0161taju to je sa nadom da \u0107e se na ta pitanja obratiti pa\u017enja. Ponekad je tu rije\u010d o politi\u010dkoj volji, nekada su tu procedure ali se iskreno nadamo da \u0107e crnogorske institucije uraditi sve da rije\u0161e to pitanje&#8221;, kazao je Orav.<\/p>\n<p>Orav je rekao da je Izvje\u0161taju notirano da je \u010dlanstvo u EU va\u017eno, mogu\u0107e za zemlje regiona, \u0161to je i potvrdila Strategija za Zapadni Balkan, ukoliko se ispune politi\u010dki i ekonomski kriterijumi.<\/p>\n<p>&#8220;Od dr\u017eave kandidata zavisi da li \u0107e te kriterijume ispuniti. Ne mogu re\u0107i da je lo\u0161iji nego pro\u0161logodi\u0161nji ali mislim da postoji potencijal da bude bolji&#8221;, rekao je Orav.<\/p>\n<p>Ukazao je da je u Izvje\u0161taju nagla\u0161eno da su pozitivni pomaci napravljeni u spoljnim poslovima i regionalnoj saradnji.<\/p>\n<p>&#8220;Crna Gora je usaglasila svoje pozicije sa svim spoljno-politi\u010dkim pozicijama EU i ona je sa reginalnog aspekta na\u0161 dobar i pouzdan partner&#8221;, rekao je Orav.<\/p>\n<p>Na\u017ealost, dodao je on, nije prepoznat napredak u oblasti slobode medija, \u00bbi mislim da tu postoje mali nesporazumi\u00ab.<\/p>\n<p>&#8220;Kada ka\u017eemo sloboda medija \u010desto nam ka\u017eu da u Crnoj Gori mo\u017eete da napi\u0161ete \u0161ta god da po\u017eelite i da izvje\u0161tavate o bilo \u010demu. Ali, treba postojati neka kontrola zbog \u010dega smo i u ovogodi\u0161njem izvje\u0161taju naglasili zna\u010daj mehanizama za samoregulaciju&#8221;, naveo je Orav.<\/p>\n<p>Kako je rekao, u Izvje\u0161taju je nevedena i Radio Televizija Crne Gore.<\/p>\n<p>&#8220;Mije\u0161anje u rad Javnog servisa stvara ozbiljne probleme. Naglasili smo i istrage napada na novinare&#8221;, naveo je Orav.<\/p>\n<p>Prema njegovim rije\u010dima, problemati\u010dna je i borba protiv korupcije i tu mnogo toga postoji \u0161to treba u\u010diniti.<\/p>\n<p>&#8220;Naglasili smo da je korupcija dosta pro\u0161irena i naglasili jaku ulogu nezavisnosti Agencije za borbu protiv korupcije&#8221;, rekao je Orav.<\/p>\n<p>On je kazao da dugi niz godina postoje dva paralelna procesa.<\/p>\n<p>&#8220;To su pregovori po pitanju svih poglavlja ali u isto vrijeme dr\u017eave \u010dlanice \u017eele da vide konkretne rezultate u oblastima borbe protiv korupcije, organizovanog kriminala i vladavine prava generalno&#8221;, kazao je Orav.<\/p>\n<p>On je ukazao da je u Izvje\u0161taju notiran odre\u0111eni napredak u oblasti borbe protiv organizovanog kriminala.<\/p>\n<p>&#8220;Ali trebaju nam konkretni rezultati kako bismo ubijedili dr\u017eave \u010dlanice da se ova zemlja ozbiljno bavi protiv organizovanog kriminala i korupcije. Postoji potencijal da se u\u010dini vi\u0161e na tom polju i opet bih naglasio ulogu ASK-a&#8221;, poru\u010dio je Orav.<\/p>\n<p>Upitan kako \u0107e se izbori za EP odraziti na politiku pro\u0161irenja i da li \u0107e ostati visoko na agendi EU, Orav je rekao vjeruje da \u0107e se politika pro\u0161irenja nastaviti ali da to zavisi od dr\u017eave kandidata.<\/p>\n<p>&#8220;Smatram da je pitanje pro\u0161irenja bilo visoko na agendi politika EU, kako prije izbora za Evropski parlament, a da \u0107e to nastaviti i nakon izbora za EP&#8221;, kazao je Orav.<\/p>\n<p>Glavnu ulogu u procesu pro\u0161irenja, rekao je on, igraju dr\u017eave \u010dlanice i njihove vlade.<\/p>\n<p>On je poru\u010dio da je va\u017eno analizirati ono \u0161to se de\u0161ava u EU ali va\u017enije da zemlje kandidati odrade svoj doma\u0107i zadatak.<\/p>\n<p>&#8220;Onda o\u010dekujemo od zemlje \u010dlanice da do\u0111e i da ka\u017ee da je taj doma\u0107i zadatak odra\u0111en i da ka\u017ee \u00bbEvo dobri smo skoro kao svi vi, sve dr\u017eave \u010dlanice, i tada \u0107e biti neizbje\u017eno da dr\u017eava kandidat postane dio EU&#8221;, naveo je Orav.<\/p>\n<p>To je, smatra on, veoma va\u017eno budu\u0107i da Crna Gora nema nikakvh regionalnih problema.<\/p>\n<p>&#8220;To zna\u010di da, ukoliko je doma\u0107i zadatak ura\u0111en onda to zna\u010di da \u0107e Crna Gora postati \u010dlanica EU&#8221;, poru\u010dio je Orav.<\/p>\n","protected":false},"excerpt":{"rendered":"<p>Svi treba da u\u010destvuju u radu Skup\u0161tine i privremenog Odbora za izmjenu izbornog zakonodavstva, rekao je \u0161ef Delegacije Evropske unije (EU) u Crnoj Gori, Aivo Orav i dodao da se nada da \u0107e crnogorske institucije u\u010diniti sve da rije\u0161e aferu Koverat. Paket pro\u0161irenja za dr\u017eave Zapadnog Balkana i za Tursku, kao i Izvje\u0161taj o Crnoj [&hellip;]<\/p>\n","protected":false},"author":1,"featured_media":209837,"comment_status":"open","ping_status":"closed","sticky":false,"template":"","format":"standard","meta":{"_seopress_robots_primary_cat":"","_seopress_titles_title":"","_seopress_titles_desc":"","_seopress_robots_index":"","_et_pb_use_builder":"","_et_pb_old_content":"","_et_gb_content_width":"","inline_featured_image":false,"footnotes":""},"categories":[14,12],"tags":[],"class_list":["post-267309","post","type-post","status-publish","format-standard","has-post-thumbnail","hentry","category-vijesti","category-prica-dana"],"_links":{"self":[{"href":"https:\/\/www.pcnen.com\/portal\/wp-json\/wp\/v2\/posts\/267309","targetHints":{"allow":["GET"]}}],"collection":[{"href":"https:\/\/www.pcnen.com\/portal\/wp-json\/wp\/v2\/posts"}],"about":[{"href":"https:\/\/www.pcnen.com\/portal\/wp-json\/wp\/v2\/types\/post"}],"author":[{"embeddable":true,"href":"https:\/\/www.pcnen.com\/portal\/wp-json\/wp\/v2\/users\/1"}],"replies":[{"embeddable":true,"href":"https:\/\/www.pcnen.com\/portal\/wp-json\/wp\/v2\/comments?post=267309"}],"version-history":[{"count":0,"href":"https:\/\/www.pcnen.com\/portal\/wp-json\/wp\/v2\/posts\/267309\/revisions"}],"wp:featuredmedia":[{"embeddable":true,"href":"https:\/\/www.pcnen.com\/portal\/wp-json\/wp\/v2\/media\/209837"}],"wp:attachment":[{"href":"https:\/\/www.pcnen.com\/portal\/wp-json\/wp\/v2\/media?parent=267309"}],"wp:term":[{"taxonomy":"category","embeddable":true,"href":"https:\/\/www.pcnen.com\/portal\/wp-json\/wp\/v2\/categories?post=267309"},{"taxonomy":"post_tag","embeddable":true,"href":"https:\/\/www.pcnen.com\/portal\/wp-json\/wp\/v2\/tags?post=267309"}],"curies":[{"name":"wp","href":"https:\/\/api.w.org\/{rel}","templated":true}]}}