{"id":267306,"date":"2019-06-02T12:52:35","date_gmt":"2019-06-02T10:52:35","guid":{"rendered":"http:\/\/www.pcnen.com\/portal\/?p=267306"},"modified":"2019-06-02T12:53:34","modified_gmt":"2019-06-02T10:53:34","slug":"kriticna-masa-br-57-povodom-svjetskog-dana-bicikla","status":"publish","type":"post","link":"https:\/\/www.pcnen.com\/portal\/2019\/06\/02\/kriticna-masa-br-57-povodom-svjetskog-dana-bicikla\/","title":{"rendered":"Kriti\u010dna masa br. 57 povodom Svjetskog dana bicikla"},"content":{"rendered":"<p><img loading=\"lazy\" decoding=\"async\" src=\"http:\/\/www.pcnen.com\/portal\/wp-content\/uploads\/2018\/09\/biciklo-me-logo-300x110.jpg\" alt=\"\" width=\"300\" height=\"110\" class=\"alignright size-medium wp-image-252656\" srcset=\"https:\/\/www.pcnen.com\/portal\/wp-content\/uploads\/2018\/09\/biciklo-me-logo.jpg 300w, https:\/\/www.pcnen.com\/portal\/wp-content\/uploads\/2018\/09\/biciklo-me-logo-235x86.jpg 235w, https:\/\/www.pcnen.com\/portal\/wp-content\/uploads\/2018\/09\/biciklo-me-logo-75x28.jpg 75w, https:\/\/www.pcnen.com\/portal\/wp-content\/uploads\/2018\/09\/biciklo-me-logo-220x81.jpg 220w\" sizes=\"(max-width: 300px) 100vw, 300px\" \/>Nova biciklisti\u010dka kriti\u010dna masa u organizaciji udru\u017eenja Biciklo.me po\u010dela je danas u 12 \u010dasova sa Trga nezavisnosti u Podgorici. <\/p>\n<p>Povod za ovu 57. vo\u017enju biciklima podgori\u010dkim ulicama je Svjetski dan bicikla, koji se od pro\u0161le godine obilje\u017eava 3. juna. Vo\u017enjom su otpo\u010dete i aktivnosti u znaku Svjetskog dana \u017eivotne sredine (5. jun), pa je podr\u0161ku ovoj kriti\u010dnoj masi dalo Ministarstvo odr\u017eivog razvoja i turizma. Njihovi predstavnici pripremili su i specijalna iznena\u0111enja za u\u010desnike dana\u0161nje biciklisti\u010dke vo\u017enje. <\/p>\n<p>Po tradiciji, dvoto\u010dka\u0161i su krenuti sa Trga nezavisnosti nakon 12 sati i voze bulevarom Ivana Crnojevi\u0107a, a zatim prave krug oko rijeke Mora\u010de, i to ulicom Vaka \u0110urov\u0107a, preko Vezirovog mosta i bulevarima Serdara Jola Pileti\u0107a i Jovana Toma\u0161evi\u0107a. Vo\u017enju je nastavljena preko mosta Junion brid\u017e, a zatim ulicama Crnogorskih serdara i Kralja Nikole nazad do Trga.<\/p>\n<p>Svjetski dan bicikla, 3. jun, progla\u0161en je pro\u0161le godine usvajanjem rezolucije na Generalnoj skup\u0161tini Ujedinjenih nacija. Rezolucijom se pozivaju sve dr\u017eave \u010dlanice UN da uklju\u010de biciklo u svoje razvojne programe i politike, promovi\u0161u bezbjednost na putevima kroz stvaranje uslova za kretanje biciklista i pje\u0161aka, te podstaknu upotrebu bicikla kao na\u010dina za unapre\u0111enje odr\u017eivog razvoja, pobolj\u0161anje zdravlja ljudi, promovisanje tolerancije i ja\u010danje socijalne inkluzije. <\/p>\n<p>Biciklizam kao oblik urbane mobilnosti smatra se jednim od klju\u010dnih sredstava za postizanje ciljeva odr\u017eivog razvoja u okviru Agende UN-a do 2030. godine.<\/p>\n","protected":false},"excerpt":{"rendered":"<p>Nova biciklisti\u010dka kriti\u010dna masa u organizaciji udru\u017eenja Biciklo.me po\u010dela je danas u 12 \u010dasova sa Trga nezavisnosti u Podgorici. Povod za ovu 57. vo\u017enju biciklima podgori\u010dkim ulicama je Svjetski dan bicikla, koji se od pro\u0161le godine obilje\u017eava 3. juna. Vo\u017enjom su otpo\u010dete i aktivnosti u znaku Svjetskog dana \u017eivotne sredine (5. jun), pa je podr\u0161ku [&hellip;]<\/p>\n","protected":false},"author":1,"featured_media":252656,"comment_status":"open","ping_status":"closed","sticky":false,"template":"","format":"standard","meta":{"_seopress_robots_primary_cat":"","_seopress_titles_title":"","_seopress_titles_desc":"","_seopress_robots_index":"","_et_pb_use_builder":"","_et_pb_old_content":"","_et_gb_content_width":"","inline_featured_image":false,"footnotes":""},"categories":[14,12],"tags":[],"class_list":["post-267306","post","type-post","status-publish","format-standard","has-post-thumbnail","hentry","category-vijesti","category-prica-dana"],"_links":{"self":[{"href":"https:\/\/www.pcnen.com\/portal\/wp-json\/wp\/v2\/posts\/267306","targetHints":{"allow":["GET"]}}],"collection":[{"href":"https:\/\/www.pcnen.com\/portal\/wp-json\/wp\/v2\/posts"}],"about":[{"href":"https:\/\/www.pcnen.com\/portal\/wp-json\/wp\/v2\/types\/post"}],"author":[{"embeddable":true,"href":"https:\/\/www.pcnen.com\/portal\/wp-json\/wp\/v2\/users\/1"}],"replies":[{"embeddable":true,"href":"https:\/\/www.pcnen.com\/portal\/wp-json\/wp\/v2\/comments?post=267306"}],"version-history":[{"count":0,"href":"https:\/\/www.pcnen.com\/portal\/wp-json\/wp\/v2\/posts\/267306\/revisions"}],"wp:featuredmedia":[{"embeddable":true,"href":"https:\/\/www.pcnen.com\/portal\/wp-json\/wp\/v2\/media\/252656"}],"wp:attachment":[{"href":"https:\/\/www.pcnen.com\/portal\/wp-json\/wp\/v2\/media?parent=267306"}],"wp:term":[{"taxonomy":"category","embeddable":true,"href":"https:\/\/www.pcnen.com\/portal\/wp-json\/wp\/v2\/categories?post=267306"},{"taxonomy":"post_tag","embeddable":true,"href":"https:\/\/www.pcnen.com\/portal\/wp-json\/wp\/v2\/tags?post=267306"}],"curies":[{"name":"wp","href":"https:\/\/api.w.org\/{rel}","templated":true}]}}