{"id":267260,"date":"2019-06-01T14:55:12","date_gmt":"2019-06-01T12:55:12","guid":{"rendered":"http:\/\/www.pcnen.com\/portal\/?p=267260"},"modified":"2019-06-02T11:38:51","modified_gmt":"2019-06-02T09:38:51","slug":"veceras-protest-odupri-se","status":"publish","type":"post","link":"https:\/\/www.pcnen.com\/portal\/2019\/06\/01\/veceras-protest-odupri-se\/","title":{"rendered":"Ve\u010deras protest Odupri se"},"content":{"rendered":"<p><img loading=\"lazy\" decoding=\"async\" src=\"http:\/\/www.pcnen.com\/portal\/wp-content\/uploads\/2019\/05\/oduprise-koverat-300x225.jpg\" alt=\"\" width=\"300\" height=\"225\" class=\"alignright size-medium wp-image-266463\" \/>Novi, dvanaesti protest pokreta Odupri se, bi\u0107e odr\u017ean ve\u010deras u Podgorici.<\/p>\n<p>Protest \u0107e se, kako je najavljeno, odr\u017eati ispred zgrade Vrhovnog dr\u017eavnog tu\u017eila\u0161tva, s po\u010detkom u 19 sati.<\/p>\n<p>\u010clan Organizacionog odbora Odupri se D\u017eemal Perovi\u0107 kazao je ranije da na protestu o\u010dekuje da vidi sve potpisnike Sporazuma o budu\u0107nosti, dokumenta koji predstavlja plan puta kojim svi zajedno namjeravaju da do\u0111u do kona\u010dnog cilja \u2013 smjene vlasti.<\/p>\n<p>Svi koji \u017eele to isto i koji imaju isti cilj pojavi\u0107e se kako na ovom protestu, tako i na svakom narednom. Mi ih o\u010dekujemo, a i gra\u0111ani sigurno, rekao je Perovi\u0107.<\/p>\n","protected":false},"excerpt":{"rendered":"<p>Protest \u0107e se  odr\u017eati ispred zgrade Vrhovnog dr\u017eavnog tu\u017eila\u0161tva, s po\u010detkom u 19 sati<\/p>\n","protected":false},"author":1,"featured_media":0,"comment_status":"open","ping_status":"closed","sticky":false,"template":"","format":"standard","meta":{"_seopress_robots_primary_cat":"","_seopress_titles_title":"","_seopress_titles_desc":"","_seopress_robots_index":"","_et_pb_use_builder":"","_et_pb_old_content":"","_et_gb_content_width":"","inline_featured_image":false,"footnotes":""},"categories":[14],"tags":[],"class_list":["post-267260","post","type-post","status-publish","format-standard","hentry","category-vijesti"],"_links":{"self":[{"href":"https:\/\/www.pcnen.com\/portal\/wp-json\/wp\/v2\/posts\/267260","targetHints":{"allow":["GET"]}}],"collection":[{"href":"https:\/\/www.pcnen.com\/portal\/wp-json\/wp\/v2\/posts"}],"about":[{"href":"https:\/\/www.pcnen.com\/portal\/wp-json\/wp\/v2\/types\/post"}],"author":[{"embeddable":true,"href":"https:\/\/www.pcnen.com\/portal\/wp-json\/wp\/v2\/users\/1"}],"replies":[{"embeddable":true,"href":"https:\/\/www.pcnen.com\/portal\/wp-json\/wp\/v2\/comments?post=267260"}],"version-history":[{"count":0,"href":"https:\/\/www.pcnen.com\/portal\/wp-json\/wp\/v2\/posts\/267260\/revisions"}],"wp:attachment":[{"href":"https:\/\/www.pcnen.com\/portal\/wp-json\/wp\/v2\/media?parent=267260"}],"wp:term":[{"taxonomy":"category","embeddable":true,"href":"https:\/\/www.pcnen.com\/portal\/wp-json\/wp\/v2\/categories?post=267260"},{"taxonomy":"post_tag","embeddable":true,"href":"https:\/\/www.pcnen.com\/portal\/wp-json\/wp\/v2\/tags?post=267260"}],"curies":[{"name":"wp","href":"https:\/\/api.w.org\/{rel}","templated":true}]}}