{"id":267257,"date":"2019-06-01T13:25:29","date_gmt":"2019-06-01T11:25:29","guid":{"rendered":"http:\/\/www.pcnen.com\/portal\/?p=267257"},"modified":"2019-06-01T17:51:51","modified_gmt":"2019-06-01T15:51:51","slug":"australija-masovna-samoubistva-aboridzina","status":"publish","type":"post","link":"https:\/\/www.pcnen.com\/portal\/2019\/06\/01\/australija-masovna-samoubistva-aboridzina\/","title":{"rendered":"Australija: Masovna samoubistva Aborid\u017eina"},"content":{"rendered":"<p><img loading=\"lazy\" decoding=\"async\" class=\"size-medium wp-image-267269 alignleft\" src=\"http:\/\/www.pcnen.com\/portal\/wp-content\/uploads\/2019\/06\/Aboridzini-300x213.jpg\" alt=\"\" width=\"300\" height=\"213\" \/>Australija se suo\u010dava sa masovnom pojavom samoubistava me\u0111u <a href=\"https:\/\/sh.wikipedia.org\/wiki\/Aborid%C5%BEini_Australije\">starosjedila\u010dkim stanovni\u0161tvom,<\/a> a od po\u010detka godine samoubistvo je izvr\u0161ilo 77 osoba, pi\u0161e list Dejli mejl.<\/p>\n<p>U prosjeku, tri Aborid\u017eina sedmi\u010dno oduzela su sebi \u017eivot od po\u010detka ove godine, iako je u samo jednoj sedmici sedam ljudi izvr\u0161ilo samoubistvo.<\/p>\n<p>Od 77 slu\u010dajeva, 74 osobe su \u017eivjele u siroma\u0161tvu, od kojih 71 u socijalnom smje\u0161taju, a troje su bili besku\u0107nici.<\/p>\n<p>Kod polovine svih slu\u010dajeva rije\u010d je o ljudima mla\u0111im od 26 godina, dok su 20 lica djeca do 12 godina starosti, prenosi Srna.<\/p>\n<p>Koordinator slu\u017ebe za kriti\u010dne situacije me\u0111u starosjediocima Geri D\u017eorgatos rekao je da je me\u0111u samoubicama veliki broj djevoj\u010dica.<\/p>\n<p>On je rekao da je razgovarao sa porodicom devetogodi\u0161nje djevoj\u010dice koja je sebi oduzela \u017eivot, dok je u drugom slu\u010daju djevoj\u010dica od \u0161est godina poku\u0161ala da se ubije.<\/p>\n<p>&#8220;Potpuno je nazamislivo da djevoj\u010dica od \u0161est godina razmi\u0161lja o samoubistvu, ali to je sumorna realnost, a na\u0161a moralna i politi\u010dka obaveza je da se borimo protiv ove pojave&#8221;, rekao je D\u017eorgatos.<\/p>\n<p>On je rekao da se tre\u0107ina svih slu\u010dajeva dogodila u Kvinslendu.<\/p>\n","protected":false},"excerpt":{"rendered":"<p>Australija se suo\u010dava sa masovnom pojavom samoubistava me\u0111u starosjedila\u010dkim stanovni\u0161tvom, a od po\u010detka godine samoubistvo je izvr\u0161ilo 77 osoba, pi\u0161e list Dejli mejl. U prosjeku, tri Aborid\u017eina sedmi\u010dno oduzela su sebi \u017eivot od po\u010detka ove godine, iako je u samo jednoj sedmici sedam ljudi izvr\u0161ilo samoubistvo. Od 77 slu\u010dajeva, 74 osobe su \u017eivjele u siroma\u0161tvu, [&hellip;]<\/p>\n","protected":false},"author":1,"featured_media":0,"comment_status":"open","ping_status":"closed","sticky":false,"template":"","format":"standard","meta":{"_seopress_robots_primary_cat":"","_seopress_titles_title":"","_seopress_titles_desc":"","_seopress_robots_index":"","_et_pb_use_builder":"","_et_pb_old_content":"","_et_gb_content_width":"","inline_featured_image":false,"footnotes":""},"categories":[14,12],"tags":[],"class_list":["post-267257","post","type-post","status-publish","format-standard","hentry","category-vijesti","category-prica-dana"],"_links":{"self":[{"href":"https:\/\/www.pcnen.com\/portal\/wp-json\/wp\/v2\/posts\/267257","targetHints":{"allow":["GET"]}}],"collection":[{"href":"https:\/\/www.pcnen.com\/portal\/wp-json\/wp\/v2\/posts"}],"about":[{"href":"https:\/\/www.pcnen.com\/portal\/wp-json\/wp\/v2\/types\/post"}],"author":[{"embeddable":true,"href":"https:\/\/www.pcnen.com\/portal\/wp-json\/wp\/v2\/users\/1"}],"replies":[{"embeddable":true,"href":"https:\/\/www.pcnen.com\/portal\/wp-json\/wp\/v2\/comments?post=267257"}],"version-history":[{"count":0,"href":"https:\/\/www.pcnen.com\/portal\/wp-json\/wp\/v2\/posts\/267257\/revisions"}],"wp:attachment":[{"href":"https:\/\/www.pcnen.com\/portal\/wp-json\/wp\/v2\/media?parent=267257"}],"wp:term":[{"taxonomy":"category","embeddable":true,"href":"https:\/\/www.pcnen.com\/portal\/wp-json\/wp\/v2\/categories?post=267257"},{"taxonomy":"post_tag","embeddable":true,"href":"https:\/\/www.pcnen.com\/portal\/wp-json\/wp\/v2\/tags?post=267257"}],"curies":[{"name":"wp","href":"https:\/\/api.w.org\/{rel}","templated":true}]}}