{"id":267232,"date":"2019-06-01T06:30:34","date_gmt":"2019-06-01T04:30:34","guid":{"rendered":"http:\/\/www.pcnen.com\/portal\/?p=267232"},"modified":"2019-06-01T06:44:42","modified_gmt":"2019-06-01T04:44:42","slug":"pocelo-je-sa-bosnjacima-a-danas-svi-mi-nosimo-svoje-bijele-trake","status":"publish","type":"post","link":"https:\/\/www.pcnen.com\/portal\/2019\/06\/01\/pocelo-je-sa-bosnjacima-a-danas-svi-mi-nosimo-svoje-bijele-trake\/","title":{"rendered":"Po\u010delo je sa Bo\u0161njacima, a danas svi mi nosimo svoje &#8216;bijele trake&#8217;"},"content":{"rendered":"<p><img loading=\"lazy\" decoding=\"async\" class=\"alignright size-medium wp-image-206284\" src=\"http:\/\/www.pcnen.com\/portal\/wp-content\/uploads\/2016\/05\/dan-bijelih-traka-300x174.jpg\" alt=\"\" width=\"300\" height=\"174\" \/>Upravo zadnjeg dana maja 1992. godine, po uzoru na nacisti\u010dku Njema\u010dku, srpske vlasti u Prijedoru izdale su naredbu koja \u0107e obilje\u017eiti mnoge \u017eivote. \u017divote Bo\u0161njaka, Hrvata, ali na kraju i Srba.<\/p>\n<p>Tog dana je nesrpskom stanovni\u0161tvu nare\u0111eno da obilje\u017ei svoje ku\u0107e bijelim zastavama ili \u010dar\u0161afima, i da pri izlasku iz ku\u0107a stave bijele trake oko rukava.<\/p>\n<p>Ova naredba je bila samo po\u010detak kampanje istrebljenja u kojoj su provo\u0111ene masovne egzekucije, silovanja, otvarani koncentracioni logori i \u010dinjeni drugi zlo\u010dini, \u010diji je kona\u010dni ishod bio uklanjanje 94 odsto Bo\u0161njaka i Hrvata s teritorije tada\u0161nje op\u0161tine Prijedor.<\/p>\n<p>I da, za sve one koji \u0107e i ove godine govoriti da zvani\u010dno ovakvog nare\u0111enja nije bilo, da je sve ovo jo\u0161 jedna la\u017e da bi se ocrnili Srbi, da Bo\u0161njaci nikad nisu morali nositi bijele trake, da su putem radija pozvani svi gra\u0111ani da bijelim \u010dar\u0161afima izraze svoj pacifizam i da je to nova u nizu re\u017eiranih pri\u010da o navodnim \u017ertvama u Prijedoru, dovoljno je da pro\u010ditaju nekoliko re\u010denica potresne ispovijesti i sje\u0107anja Elmine Kula\u0161i\u0107, koja je te 1992. godine bila samo upla\u0161ena djevoj\u010dica, \u010dije je djetinjstvo obilje\u017eila upravo bijela traka.<\/p>\n<p>\u201eTa bijela traka predstavlja hrabrost jednog djeteta kojem su je vezali oko glave kako bi bila vidljiva, s obzirom da su joj ruke bile tako sitne. Ista ta traka predstavlja pri\u010du ponosa i poni\u017eenja za drugo dijete koje kada opisuje te\u017einu bola uporedi bijeli \u010dar\u0161af na ku\u0107i svojih roditelja kao najve\u0107u zastavu koju jedan Amerikanac stavi za 4. juli, ili djeteta koje se sje\u0107a da je ostalo bez daha dok je tr\u010dalo ku\u0107i jer je svoju bijelu traku izgubilo negdje na putu. Ne mogu a da ne spomenem pri\u010du djeteta koje je zadnji put vidjelo svog oca s bijelom trakom prije nego su ga odveli i gdje mu se od tada do danas gubi svaki trag.\u201d<\/p>\n<p>Ili mo\u017eda te\u0161ku pri\u010du Mustafe Muhi\u0107a, jednog od onih koji su pre\u017eivjeli obilje\u017eavanje po uzoru na nacisti\u010dke metode.<\/p>\n<p>\u201eMorao sam i na balkon staviti, na ku\u0107u, a ako sam htio u grad i\u0107i ili ikuda hodati morao sam staviti traku. Da se zna da me vodi kuda ho\u0107e. Dok si nosio bijelu traku, ti si nepodoban, neprijatelj srpskog naroda, \u0161to nije ta\u010dno. Htjeli su da se ku\u0107e\u00a0 Muslimana i Hrvata razlikuju od drugih. Sje\u0107am se da je moj prijatelj Fuad Ekinovi\u0107, obu\u0107ar, poznati majstor u Prijedoru,nosio na balkon \u010dar\u0161af. Snajper ga je ubio dok je postavljao traku i \u010dar\u0161af\u201c, prisje\u0107a se Muhi\u0107.<\/p>\n<p>I ba\u0161 zbog toga, zbog ovakvih pri\u010da prijedorskih Bo\u0161njaka, ubijenih 3.173 nevinih civila, 31.000 osoba zatvorenih u logore i 102 ubijene djece, danas se \u0161irom BiH, a prevashodno u Prijedoru, mnogi gra\u0111ani prisje\u0107aju po\u010detka etiketiranja, protjerivanja i ubijanja nepo\u017eeljnih i nepodobnih u Republici Srpskoj.<\/p>\n<p>Zbog toga, ve\u0107 petu godinu, oni koji \u017eele da stanu u kraj izvrnutim vrijednostima i nacionalisti\u010dkoj politici istrebljenja mar\u0161iraju za mir i sje\u0107anje.<\/p>\n<p>Zbog toga, oni kojima je stalo podsje\u0107aju na u\u017eas koji su posijali jedni, a danas provode neki drugi zlo\u010dinci.<\/p>\n<p>Zbog toga, slobodni i mr\u017enje oslobo\u0111eni gra\u0111ani mirnim \u0161etnjama \u0161alju jasnu poruku: &#8220;Dosta je!&#8221;<\/p>\n<p>Dosta je drugih i druga\u010dijih. Dosta je nas i njih. Dosta je sva\u0111a i podjela. Dosta je \u0161utnje i poricanja. Dosta je mr\u017enje i patnje. Dosta je ignorisanja i minimiziranja. Dosta je uni\u0161tavanja i progonjenja. Dosta je diskriminacije i nacionalizma. Dosta je prikrivanja zlo\u010dina i fa\u0161izma. Dosta je politike protjerivanja i etni\u010dkog \u010di\u0161\u0107enja.<\/p>\n<p>Dosta je etiketiranja i bijelih traka.<\/p>\n<p>Oni kojih se ti\u010de zajedno poru\u010duju: Vrijeme je da se okrene nova stranica. Da se osvijestimo i po\u010dnemo da \u017eivimo. Da pogledamo istini u o\u010di i da napokon skinemo svako svoju traku sa nadlaktice, koje su prvo zlo\u010dinci u ratu stavili Bo\u0161njacima, a onda u miru zavezali svima nama.<\/p>\n<p>Stavili su ih na ruke djeci koja umiru jer im sistem ne dozvoljava da se lije\u010de;<\/p>\n<p>Stavili su ih mladima kojima oduzimaju mladost i guraju ih iz ove zemlje;<\/p>\n<p>Stavili su ih svim onim napa\u0107enim radnicima koji su u najboljim godinama ostali bez posla;<\/p>\n<p>Stavili su ih penzionerima koji pre\u017eivljavaju od danas do sutra;<\/p>\n<p>Stavili su ih svima bez partijske knji\u017eice;<\/p>\n<p>Stavili su ih ljudima sa moralom i obrazom;<\/p>\n<p>Stavili su ih novinarima, nastavnicima, profesorima\u2026<\/p>\n<p>Stavili su ih onima koji ne podr\u017eavaju njihove ratne profitere i tajkunizaciju zemlje;<\/p>\n<p>Stavili su ih obespravljenima, napu\u0161tenima i zaboravljenima;<\/p>\n<p>Pogledajte na svoju nadlakticu i vidje\u0107ete da je traka tu. Mo\u017eda se ne vidi dobro, mo\u017eda okre\u0107ete glavu od nje, ali duboko u sebi znate da je ona tu. I da se ne\u0107e sama skinuti.<\/p>\n<p>To najbolje znaju Armin, Elmina, Mustafa, Mesud, Nusret i svi oni Bo\u0161njaci iz Prijedora koji su se prvi na\u0161li na udaru vlasti u Republici Srpskoj. Oni su to osjetili prije 25 godina, na mnogo gori i ljudskom razumu neshvatljiv na\u010din, a danas sli\u010dan \u201cfilm\u201d, u republici etiketiranja i razdvajanja \u017eive i Milo\u0161 iz Bijeljine, Jovka iz Ljubinja, Dra\u017eena iz Banjaluke, Jovan iz Prijedora\u2026 I svi oni koji nisu po mjeri vlasti Republike Srpske.<\/p>\n<p>A sve zbog toga jer smo \u0107utali. Sve ove godine opravdavali i umanjivali stra\u0161ne zlo\u010dine na\u0161ih sugra\u0111ana. Pognute glave \u010duvali zlo\u010dince, ignori\u0161u\u0107i stra\u0161nu \u017ertvu na\u0161ih doju\u010dera\u0161njih kom\u0161ija; Tiho prolazili pored grobnica i okretali glavu od grobova; Sakrivali se od istine; Bje\u017eali od stvarnosti, prihvataju\u0107i onu nametnutu.<\/p>\n<p>I ba\u0161 zato, osvijestimo se! Prihvatimo da, zvali ih mi danas bijele, crne, nevidljive ili neke druge boje, one su tu, na na\u0161im rukama. Trake kojima su nas na\u0161i najve\u0107i zlo\u010dinci obilje\u017eili. Ozna\u010dili i pustili u njihov privatni rezervat, u kojem se poigravaju sa na\u0161im \u017eivotima, bez ubijanja i fizi\u010dkog zlostavljanja, ali po istom principu kao \u0161to su se poigravali vlasti Prijedora sa \u017eivotima Bo\u0161njaka te 1992. godine.<\/p>\n<p>Gra\u0111ani Republike Srpske, Prijedora, Banjaluke\u2026 ne okre\u0107ite glavu, ve\u0107 poka\u017eite ljudskost. Poka\u017eite da je dosta odvajanja i razdvajanja bijelim i raznim drugim vidljivim i nevidljivim trakama i obilje\u017ejima.<\/p>\n<p>Poka\u017eite da je do\u0161lo vrijeme da prestanemo \u017eivjeti u zemlji bez prava, slobode i mogu\u0107nosti. Da je vrijeme da jasno ka\u017eemo da je dosta \u017eivota u slu\u017ebi ratnih profitera, kriminalne vlasti i nacionalisti\u010dkih ideologija. Da je do\u0161ao kraj omalova\u017eavanju i razdvajanju.<\/p>\n<p>Poka\u017eite da je vrijeme da skinemo teret zlo\u010dina koji nam postavljaju na\u0161i politi\u010dari. Poka\u017eite da je dosta diktature onih koji su ubijali svoje sugra\u0111ane. Poka\u017eite kakvu budu\u0107nost \u017eelite, i to sje\u0107anjem na ubijene, mu\u010dene i protjerane kom\u0161ije i prihvatanjem tragi\u010dne pro\u0161losti.<\/p>\n<p>Skinimo poveze!<\/p>\n<p>Prvo one na o\u010dima i u\u0161ima, da bismo na kraju mogli i ove nevidljive, sa na\u0161ih nadlaktica. Jer, tek nakon \u0161to se suo\u010dimo sa pro\u0161lo\u0161\u0107u, mo\u0107i \u0107emo i sa na\u0161om sada\u0161njosti i budu\u0107nosti. Tek tad \u0107emo mo\u0107i slobodno \u017eivjeti! Bez stega i utega izgra\u0111enih na zlo\u010dinima, la\u017eima i obmanama.<\/p>\n<p>A najbolje da sa tim krenemo sad, na dan kad je sve po\u010delo?<\/p>\n<p><a href=\"https:\/\/www.6yka.com\/novosti\/pocelo-je-sa-bosnjacima-a-danas-svi-mi-nosimo-svoje-bijele-trake\">Buka<\/a><\/p>\n","protected":false},"excerpt":{"rendered":"<p>Gra\u0111ani Republike Srpske, Prijedora, Banjaluke\u2026 ne okre\u0107ite glavu, ve\u0107 poka\u017eite ljudskost<\/p>\n","protected":false},"author":1,"featured_media":0,"comment_status":"open","ping_status":"closed","sticky":false,"template":"","format":"standard","meta":{"_seopress_robots_primary_cat":"","_seopress_titles_title":"","_seopress_titles_desc":"","_seopress_robots_index":"","_et_pb_use_builder":"","_et_pb_old_content":"","_et_gb_content_width":"","inline_featured_image":false,"footnotes":""},"categories":[5],"tags":[],"class_list":["post-267232","post","type-post","status-publish","format-standard","hentry","category-drugi-pisu"],"_links":{"self":[{"href":"https:\/\/www.pcnen.com\/portal\/wp-json\/wp\/v2\/posts\/267232","targetHints":{"allow":["GET"]}}],"collection":[{"href":"https:\/\/www.pcnen.com\/portal\/wp-json\/wp\/v2\/posts"}],"about":[{"href":"https:\/\/www.pcnen.com\/portal\/wp-json\/wp\/v2\/types\/post"}],"author":[{"embeddable":true,"href":"https:\/\/www.pcnen.com\/portal\/wp-json\/wp\/v2\/users\/1"}],"replies":[{"embeddable":true,"href":"https:\/\/www.pcnen.com\/portal\/wp-json\/wp\/v2\/comments?post=267232"}],"version-history":[{"count":0,"href":"https:\/\/www.pcnen.com\/portal\/wp-json\/wp\/v2\/posts\/267232\/revisions"}],"wp:attachment":[{"href":"https:\/\/www.pcnen.com\/portal\/wp-json\/wp\/v2\/media?parent=267232"}],"wp:term":[{"taxonomy":"category","embeddable":true,"href":"https:\/\/www.pcnen.com\/portal\/wp-json\/wp\/v2\/categories?post=267232"},{"taxonomy":"post_tag","embeddable":true,"href":"https:\/\/www.pcnen.com\/portal\/wp-json\/wp\/v2\/tags?post=267232"}],"curies":[{"name":"wp","href":"https:\/\/api.w.org\/{rel}","templated":true}]}}