{"id":267198,"date":"2019-05-31T15:55:18","date_gmt":"2019-05-31T13:55:18","guid":{"rendered":"http:\/\/www.pcnen.com\/portal\/?p=267198"},"modified":"2019-05-31T16:01:05","modified_gmt":"2019-05-31T14:01:05","slug":"grupa-nvo-pisala-predsjedniku-sudskog-savjeta","status":"publish","type":"post","link":"https:\/\/www.pcnen.com\/portal\/2019\/05\/31\/grupa-nvo-pisala-predsjedniku-sudskog-savjeta\/","title":{"rendered":"Grupa NVO pisala predsjedniku Sudskog savjeta"},"content":{"rendered":"<p><img loading=\"lazy\" decoding=\"async\" class=\"alignright size-medium wp-image-188608\" src=\"http:\/\/www.pcnen.com\/portal\/wp-content\/uploads\/2015\/09\/facebook-300x224.png\" alt=\"\" width=\"300\" height=\"224\" \/>Jedanaest nevladinih organizacije je danas uputilo otvoreno pismo predsjedniku Sudskog savjeta Crne Gore Mladenu Vuk\u010devi\u0107u i \u010dlanovima\/cama Savjeta, a povod za to je odlu\u010divanje o prijavama kandidatkinje za izbor na funkciju predsjednika Vrhovnog suda i kandidata za izbor na funkcije predsjednika osnovnih sudova u Podgorici, Baru, Plavu, Ro\u017eajama i Kotoru.<\/p>\n<p>U pismu je izra\u017eeno protivljenje stavovima Sudskog savjeta \u201cda su kandidature predsjednika sudova koji su ve\u0107 dva ili vi\u0161e puta obavljali du\u017enost validne\u201c.<\/p>\n<p>\u201cProtivimo se takvom tuma\u010denju Ustava Crne Gore i Zakona o Sudskom savjetu i sudijama. Smatramo da ovdje nema mjesta primjeni pravila o zabrani retroaktivnosti jer povratnog dejstva zakona u ovom slu\u010daju nema\u201c, navodi se u pismu, koje <a href=\"http:\/\/www.pcnen.com\/portal\/2019\/05\/31\/protivimo-se-takvom-tumacenju-ustava-crne-gore-i-zakona-o-sudskom-savjetu-i-sudijama\/\">objavljujemo u cjelosti u rubrici &#8216;Analize i Mi\u0161ljenja&#8217;.<\/a><\/p>\n","protected":false},"excerpt":{"rendered":"<p>Protivimo se va\u0161em tuma\u010denju Ustava Crne Gore i Zakona o Sudskom savjetu i sudijama<\/p>\n","protected":false},"author":1,"featured_media":0,"comment_status":"open","ping_status":"closed","sticky":false,"template":"","format":"standard","meta":{"_seopress_robots_primary_cat":"","_seopress_titles_title":"","_seopress_titles_desc":"","_seopress_robots_index":"","_et_pb_use_builder":"","_et_pb_old_content":"","_et_gb_content_width":"","inline_featured_image":false,"footnotes":""},"categories":[14,12],"tags":[],"class_list":["post-267198","post","type-post","status-publish","format-standard","hentry","category-vijesti","category-prica-dana"],"_links":{"self":[{"href":"https:\/\/www.pcnen.com\/portal\/wp-json\/wp\/v2\/posts\/267198","targetHints":{"allow":["GET"]}}],"collection":[{"href":"https:\/\/www.pcnen.com\/portal\/wp-json\/wp\/v2\/posts"}],"about":[{"href":"https:\/\/www.pcnen.com\/portal\/wp-json\/wp\/v2\/types\/post"}],"author":[{"embeddable":true,"href":"https:\/\/www.pcnen.com\/portal\/wp-json\/wp\/v2\/users\/1"}],"replies":[{"embeddable":true,"href":"https:\/\/www.pcnen.com\/portal\/wp-json\/wp\/v2\/comments?post=267198"}],"version-history":[{"count":0,"href":"https:\/\/www.pcnen.com\/portal\/wp-json\/wp\/v2\/posts\/267198\/revisions"}],"wp:attachment":[{"href":"https:\/\/www.pcnen.com\/portal\/wp-json\/wp\/v2\/media?parent=267198"}],"wp:term":[{"taxonomy":"category","embeddable":true,"href":"https:\/\/www.pcnen.com\/portal\/wp-json\/wp\/v2\/categories?post=267198"},{"taxonomy":"post_tag","embeddable":true,"href":"https:\/\/www.pcnen.com\/portal\/wp-json\/wp\/v2\/tags?post=267198"}],"curies":[{"name":"wp","href":"https:\/\/api.w.org\/{rel}","templated":true}]}}