{"id":267192,"date":"2019-05-31T15:14:56","date_gmt":"2019-05-31T13:14:56","guid":{"rendered":"http:\/\/www.pcnen.com\/portal\/?p=267192"},"modified":"2022-05-03T20:41:16","modified_gmt":"2022-05-03T18:41:16","slug":"mans-izbor-lazovica-dobra-vijest-za-crnogorske-i-regionalne-kriminalce","status":"publish","type":"post","link":"https:\/\/www.pcnen.com\/portal\/2019\/05\/31\/mans-izbor-lazovica-dobra-vijest-za-crnogorske-i-regionalne-kriminalce\/","title":{"rendered":"MANS: Izbor Lazovi\u0107a dobra vijest za crnogorske i regionalne kriminalce"},"content":{"rendered":"<p>\u201cOvakva odluka Vlade Crne Gore mo\u017ee biti dobra vijest samo za pripadnike crnogorskih kriminalnih grupa, ali i onih koje operi\u0161u u regionu, imaju\u0107i u vidu nikada istra\u017eenu pozadinu odnosa koju je Zoran Lazovi\u0107 kao agent crnogorske Agencije za nacionalnu bezbijednost (ANB) odr\u017eavao sa njima\u201c, navodi se u <a href=\"http:\/\/www.mans.co.me\/izbor-lazovica-je-dobra-vijest-za-kriminalne-strukture-u-crnoj-gori\/\">saop\u0161tenju MANS-a<\/a> koje je potpisala izvr\u0161na direktorka Vanja \u0106alovi\u0107 Markovi\u0107.<\/p>\n<p>MANS podje\u0107a na to da aktuelni premijer, a nekada\u0161nji direktor ANB, \u201cnikad nije odgovorio na pitanje \u0161ta je Zoran Lazovi\u0107 tra\u017eio na svadbi Safeta Kali\u0107a, me\u0111unarodnog \u0161vercera narkoticima, na kojoj su mu dru\u0161tvo pravili nekada\u0161nji \u0161ef &#8216;sur\u010dinskog klana&#8217; Ljubi\u0161a Buha \u010cume, predstavnici &#8216;zemuskog klana&#8217; i Darko \u0160ari\u0107, kome se sudi za \u0161verc kokaina iz Ju\u017ene Amerike\u201c.<\/p>\n<p>\u201cZvani\u010dan zahtjev MANS-a,u kome smo tra\u017eili podatke o &#8216;zadatku&#8217; koji je Lazovi\u0107 imao na tom doga\u0111aju, je odbijen od strane Du\u0161ka Markovi\u0107a, uz obrazlo\u017eenje da se radi o pitanju od nacionalne bezbjednosti, te da takva informacija ne mo\u017ee biti saop\u0161ten javnosti\u201c.<\/p>\n<p>Vlada je ju\u010de <a href=\"http:\/\/www.pcnen.com\/portal\/2019\/05\/30\/direktor-uprave-policije-dobio-cetiri-pomocnika\/\">imenovala Zorana Lazovi\u0107a<\/a> na du\u017enost pomo\u0107nika direktora Uprave policije za rukovodioca Sektora za borbu protiv organizovanog kriminala i korupcije.<\/p>\n<p>&nbsp;<\/p>\n","protected":false},"excerpt":{"rendered":"<p>Mre\u017ea za afirmaciju nevladinog sektora (MANS) je ocijenila danas da izbor Zorana Lazovi\u0107a na du\u017enost pomo\u0107nika direktora uprave policije predstavlja dobru vijest, ali za kriminalne strukture u Crnoj Gori.<\/p>\n","protected":false},"author":1,"featured_media":0,"comment_status":"open","ping_status":"closed","sticky":false,"template":"","format":"standard","meta":{"_seopress_robots_primary_cat":"","_seopress_titles_title":"","_seopress_titles_desc":"","_seopress_robots_index":"","_et_pb_use_builder":"","_et_pb_old_content":"","_et_gb_content_width":"","inline_featured_image":false,"footnotes":""},"categories":[14,12],"tags":[],"class_list":["post-267192","post","type-post","status-publish","format-standard","hentry","category-vijesti","category-prica-dana"],"_links":{"self":[{"href":"https:\/\/www.pcnen.com\/portal\/wp-json\/wp\/v2\/posts\/267192","targetHints":{"allow":["GET"]}}],"collection":[{"href":"https:\/\/www.pcnen.com\/portal\/wp-json\/wp\/v2\/posts"}],"about":[{"href":"https:\/\/www.pcnen.com\/portal\/wp-json\/wp\/v2\/types\/post"}],"author":[{"embeddable":true,"href":"https:\/\/www.pcnen.com\/portal\/wp-json\/wp\/v2\/users\/1"}],"replies":[{"embeddable":true,"href":"https:\/\/www.pcnen.com\/portal\/wp-json\/wp\/v2\/comments?post=267192"}],"version-history":[{"count":1,"href":"https:\/\/www.pcnen.com\/portal\/wp-json\/wp\/v2\/posts\/267192\/revisions"}],"predecessor-version":[{"id":344536,"href":"https:\/\/www.pcnen.com\/portal\/wp-json\/wp\/v2\/posts\/267192\/revisions\/344536"}],"wp:attachment":[{"href":"https:\/\/www.pcnen.com\/portal\/wp-json\/wp\/v2\/media?parent=267192"}],"wp:term":[{"taxonomy":"category","embeddable":true,"href":"https:\/\/www.pcnen.com\/portal\/wp-json\/wp\/v2\/categories?post=267192"},{"taxonomy":"post_tag","embeddable":true,"href":"https:\/\/www.pcnen.com\/portal\/wp-json\/wp\/v2\/tags?post=267192"}],"curies":[{"name":"wp","href":"https:\/\/api.w.org\/{rel}","templated":true}]}}