{"id":267169,"date":"2019-05-31T10:14:20","date_gmt":"2019-05-31T08:14:20","guid":{"rendered":"http:\/\/www.pcnen.com\/portal\/?p=267169"},"modified":"2019-05-31T11:29:50","modified_gmt":"2019-05-31T09:29:50","slug":"blic-na-spisku-za-hapsenje-46-ljudi-sa-sjevera-kosova","status":"publish","type":"post","link":"https:\/\/www.pcnen.com\/portal\/2019\/05\/31\/blic-na-spisku-za-hapsenje-46-ljudi-sa-sjevera-kosova\/","title":{"rendered":"Blic: Na spisku za hap\u0161enje 46 ljudi sa sjevera Kosova"},"content":{"rendered":"<p><img loading=\"lazy\" decoding=\"async\" class=\"size-medium wp-image-235244 alignleft\" src=\"http:\/\/www.pcnen.com\/portal\/wp-content\/uploads\/2017\/10\/lisice-1-300x218.jpg\" alt=\"\" width=\"300\" height=\"218\" \/>Na spisku za hap\u0161enje na sjeveru Kosova i Metohije nalazi se ukupno 46 ljudi, me\u0111u kojima su policajci i civili srpske, albanske i bo\u0161nja\u010dke nacionalnosti. U istrazi i lociranju osumnji\u010denih, osim kosovskih institucija, radila su i dva pripadnika misije Euleks, pi\u0161e Blic.<\/p>\n<p>List navodi da je imao uvid u spisak kosovskog tu\u017eila\u0161tva na kojem se nalaze imena svih koji se sumnji\u010de za \u0161verc, zloupotrebu slu\u017ebenog polo\u017eaja, primanje mita i korupciju.<\/p>\n<p>Od ukupno 46 osumnji\u010denih, 25 je Srba, od tog broja 20 su policajci pripadnici razli\u010ditih jedinica, a pet civili, vlasnici firmi na sjeveru KiM. Ostalih 21 su Albanci i Bo\u0161njaci.<\/p>\n<p>Pozivaju\u0107i se na neimenovane izvore jedne od, kako se navodi, uticajnih ambasada u Pri\u0161tini i visokopozicioniranog slu\u017ebenika Euleksa, list pi\u0161e da je istraga protiv policajaca po\u010deta u aprilu pro\u0161le godine. Policajci, me\u0111u kojima i pripadnici grani\u010dne policije, pra\u0107eni su i bili obuhva\u0107eni &#8220;operativnim planom za \u0161verc koji je sprovo\u0111en i na sjeveru i jugu Kosova&#8221;.<\/p>\n<p>&#8220;Tu\u017eila\u0161tvo ima i za\u0161ti\u0107ene svjedoke iz redova policije, a njihova svjedo\u010denja vezana su za mito koji je dobijan od preduzetnika. U cijeloj akciji u\u010destvovala su i dva pripadnika misije EU&#8221;, tvrdi izvor lista iz Euleksa. Dodaje se da obojica dobro govore srpski, rade u civilu i vi\u0161e godina rade u Euleksu.<\/p>\n","protected":false},"excerpt":{"rendered":"<p>25 su Srbi, od toga 20 su policajci, a pet civili, vlasnici firmi na sjeveru KiM. Ostalih 21 su Albanci i Bo\u0161njaci<\/p>\n","protected":false},"author":1,"featured_media":0,"comment_status":"open","ping_status":"closed","sticky":false,"template":"","format":"standard","meta":{"_seopress_robots_primary_cat":"","_seopress_titles_title":"","_seopress_titles_desc":"","_seopress_robots_index":"","_et_pb_use_builder":"","_et_pb_old_content":"","_et_gb_content_width":"","inline_featured_image":false,"footnotes":""},"categories":[14,12],"tags":[],"class_list":["post-267169","post","type-post","status-publish","format-standard","hentry","category-vijesti","category-prica-dana"],"_links":{"self":[{"href":"https:\/\/www.pcnen.com\/portal\/wp-json\/wp\/v2\/posts\/267169","targetHints":{"allow":["GET"]}}],"collection":[{"href":"https:\/\/www.pcnen.com\/portal\/wp-json\/wp\/v2\/posts"}],"about":[{"href":"https:\/\/www.pcnen.com\/portal\/wp-json\/wp\/v2\/types\/post"}],"author":[{"embeddable":true,"href":"https:\/\/www.pcnen.com\/portal\/wp-json\/wp\/v2\/users\/1"}],"replies":[{"embeddable":true,"href":"https:\/\/www.pcnen.com\/portal\/wp-json\/wp\/v2\/comments?post=267169"}],"version-history":[{"count":0,"href":"https:\/\/www.pcnen.com\/portal\/wp-json\/wp\/v2\/posts\/267169\/revisions"}],"wp:attachment":[{"href":"https:\/\/www.pcnen.com\/portal\/wp-json\/wp\/v2\/media?parent=267169"}],"wp:term":[{"taxonomy":"category","embeddable":true,"href":"https:\/\/www.pcnen.com\/portal\/wp-json\/wp\/v2\/categories?post=267169"},{"taxonomy":"post_tag","embeddable":true,"href":"https:\/\/www.pcnen.com\/portal\/wp-json\/wp\/v2\/tags?post=267169"}],"curies":[{"name":"wp","href":"https:\/\/api.w.org\/{rel}","templated":true}]}}