{"id":267165,"date":"2019-05-31T09:01:02","date_gmt":"2019-05-31T07:01:02","guid":{"rendered":"http:\/\/www.pcnen.com\/portal\/?p=267165"},"modified":"2019-05-31T11:42:08","modified_gmt":"2019-05-31T09:42:08","slug":"bih-dan-bijelih-traka","status":"publish","type":"post","link":"https:\/\/www.pcnen.com\/portal\/2019\/05\/31\/bih-dan-bijelih-traka\/","title":{"rendered":"BiH: Dan bijelih traka"},"content":{"rendered":"<p><img loading=\"lazy\" decoding=\"async\" class=\"alignright size-full wp-image-227154\" src=\"http:\/\/www.pcnen.com\/portal\/wp-content\/uploads\/2017\/05\/dan-bijelih-traka.jpg\" alt=\"\" width=\"284\" height=\"178\" \/>Danas se obilje\u017eava &#8220;Dan bijelih traka&#8221;, u znak sje\u0107anja na stradale Bo\u0161njake u ratu devedesetih godina pro\u0161log vijeka u op\u0161tini Prijedor.<\/p>\n<p>Odlukom tada\u0161nje op\u0161tinske vlasti gra\u0111ani bo\u0161nja\u010dke nacionalnosti bili su obavezni da na svojim ku\u0107ama ili stanovima u znak lojalnosti oka\u010de bijele zastave, a pri izlasku iz njih da stave bijele trake oko ruku, prenose nezavisne.com.<\/p>\n<p>&#8220;Dan bijelih traka&#8221; obilje\u017eava se 31. maja u znak sje\u0107anja na 3.176 stradalih stanovnika prijedorske regije.<\/p>\n<p>Osim u Bosni i Hercegovini &#8220;Dan bijelih traka&#8221; obilje\u017eava se i u nekim gradovima svijeta.<\/p>\n<p>Iz kotorskog Centra za \u017eenske i mirovne studije ANIMA su danas ukazali &#8220;na kontinuitet negiranja zlo\u010dina, na rehabilitaciju ratnih zlo\u010dinaca\u00a0 iz II sv rata, na slavljenje ratnih zlo\u010dinaca iz rata devedesetih u zemljama regiona&#8221; i upozorili &#8220;na sve prisutniji fa\u0161izam u Evropi, vidljiv kroz odnos prema izbjeglicama sa ratnih podru\u010dja.&#8221;<\/p>\n<p>&#8220;Va\u017eno je da se i u Crnoj Gori stvori jasan stav prema negiranju zlo\u010dina \u010dinjenih u na\u0161e ime\u00a0 i da se na taj na\u010din aktivno doprinese izgradnji mira&#8221;, poru\u010dili su iz ANIMA.<\/p>\n<p>&nbsp;<\/p>\n","protected":false},"excerpt":{"rendered":"<p>Iz kotorskog Centra za \u017eenske i mirovne studije ANIMA su danas ukazali &#8220;na kontinuitet negiranja zlo\u010dina, na rehabilitaciju ratnih zlo\u010dinaca  iz II sv rata, na slavljenje ratnih zlo\u010dinaca iz rata devedesetih u zemljama regiona&#8221;<\/p>\n","protected":false},"author":1,"featured_media":0,"comment_status":"open","ping_status":"closed","sticky":false,"template":"","format":"standard","meta":{"_seopress_robots_primary_cat":"","_seopress_titles_title":"","_seopress_titles_desc":"","_seopress_robots_index":"","_et_pb_use_builder":"","_et_pb_old_content":"","_et_gb_content_width":"","inline_featured_image":false,"footnotes":""},"categories":[14,12],"tags":[],"class_list":["post-267165","post","type-post","status-publish","format-standard","hentry","category-vijesti","category-prica-dana"],"_links":{"self":[{"href":"https:\/\/www.pcnen.com\/portal\/wp-json\/wp\/v2\/posts\/267165","targetHints":{"allow":["GET"]}}],"collection":[{"href":"https:\/\/www.pcnen.com\/portal\/wp-json\/wp\/v2\/posts"}],"about":[{"href":"https:\/\/www.pcnen.com\/portal\/wp-json\/wp\/v2\/types\/post"}],"author":[{"embeddable":true,"href":"https:\/\/www.pcnen.com\/portal\/wp-json\/wp\/v2\/users\/1"}],"replies":[{"embeddable":true,"href":"https:\/\/www.pcnen.com\/portal\/wp-json\/wp\/v2\/comments?post=267165"}],"version-history":[{"count":0,"href":"https:\/\/www.pcnen.com\/portal\/wp-json\/wp\/v2\/posts\/267165\/revisions"}],"wp:attachment":[{"href":"https:\/\/www.pcnen.com\/portal\/wp-json\/wp\/v2\/media?parent=267165"}],"wp:term":[{"taxonomy":"category","embeddable":true,"href":"https:\/\/www.pcnen.com\/portal\/wp-json\/wp\/v2\/categories?post=267165"},{"taxonomy":"post_tag","embeddable":true,"href":"https:\/\/www.pcnen.com\/portal\/wp-json\/wp\/v2\/tags?post=267165"}],"curies":[{"name":"wp","href":"https:\/\/api.w.org\/{rel}","templated":true}]}}