{"id":267102,"date":"2019-05-30T13:33:39","date_gmt":"2019-05-30T11:33:39","guid":{"rendered":"http:\/\/www.pcnen.com\/portal\/?p=267102"},"modified":"2019-10-09T22:47:55","modified_gmt":"2019-10-09T20:47:55","slug":"patriote-i-patriotizam","status":"publish","type":"post","link":"https:\/\/www.pcnen.com\/portal\/2019\/05\/30\/patriote-i-patriotizam\/","title":{"rendered":"Patriote i patriotizam"},"content":{"rendered":"<p>Novi izvje\u0161taj Evropske komisije o Crnoj Gori, mo\u017ee se re\u0107i, katastrofalan je. Izvje\u0161taj pokazuje da je Crna Gora napravila mali pomak u \u010detiri pregovara\u010dka poglavlja, dok smo u pet poglavlja \u010dak lo\u0161iji nego pro\u0161le godine.<\/p>\n<p><img loading=\"lazy\" decoding=\"async\" class=\"alignright size-medium wp-image-267115\" src=\"http:\/\/www.pcnen.com\/portal\/wp-content\/uploads\/2019\/05\/\u0110ukanovi\u0107-300x145.jpg\" alt=\"\" width=\"300\" height=\"145\" srcset=\"https:\/\/www.pcnen.com\/portal\/wp-content\/uploads\/2019\/05\/\u0110ukanovi\u0107-300x145.jpg 300w, https:\/\/www.pcnen.com\/portal\/wp-content\/uploads\/2019\/05\/\u0110ukanovi\u0107-235x114.jpg 235w, https:\/\/www.pcnen.com\/portal\/wp-content\/uploads\/2019\/05\/\u0110ukanovi\u0107-75x36.jpg 75w, https:\/\/www.pcnen.com\/portal\/wp-content\/uploads\/2019\/05\/\u0110ukanovi\u0107-350x169.jpg 350w, https:\/\/www.pcnen.com\/portal\/wp-content\/uploads\/2019\/05\/\u0110ukanovi\u0107-220x106.jpg 220w, https:\/\/www.pcnen.com\/portal\/wp-content\/uploads\/2019\/05\/\u0110ukanovi\u0107.jpg 420w\" sizes=\"(max-width: 300px) 100vw, 300px\" \/>Kako je dr\u017eavnim patriotama Crna Gora na prvom mjestu i sve bi dali za nju, a pristupanje Evropskoj uniji glavni dr\u017eavni prioritet, siguran sam da \u0107e Vlada i predsjednik dr\u017eave poslije ovakvog izvje\u0161taja EK podnijeti ostavke. Kad ve\u0107 nijesu poslije dr\u017eavne bruke sa aferom \u201eAtlas\u201c ili \u201eKoverta\u201c, predsjednikovim sakrivenim ra\u010dunom na Kipru, minusu na zlatnoj kartici koji mu je pla\u0107ao odbjegli tajkun. Isti onaj tajkun koji je, dok nije postao \u201eodbjegli\u201c, bio bliski prijatelj i finansijer i \u0110ukanovi\u0107a i partije mu.<\/p>\n<p><img loading=\"lazy\" decoding=\"async\" class=\"size-full wp-image-267110 alignleft\" src=\"http:\/\/www.pcnen.com\/portal\/wp-content\/uploads\/2019\/05\/Odupri-se.jpg\" alt=\"\" width=\"289\" height=\"168\" srcset=\"https:\/\/www.pcnen.com\/portal\/wp-content\/uploads\/2019\/05\/Odupri-se.jpg 289w, https:\/\/www.pcnen.com\/portal\/wp-content\/uploads\/2019\/05\/Odupri-se-235x137.jpg 235w, https:\/\/www.pcnen.com\/portal\/wp-content\/uploads\/2019\/05\/Odupri-se-75x44.jpg 75w, https:\/\/www.pcnen.com\/portal\/wp-content\/uploads\/2019\/05\/Odupri-se-220x128.jpg 220w\" sizes=\"(max-width: 289px) 100vw, 289px\" \/>Od 02. februara na stalnim i masovnim protestima gra\u0111ani su upravo ukazivali na ono\u00a0 \u0161to je problematizovano u Izvje\u0161taju Evropske komisije: korupciju, zarobljene institucije, nelegitimnost izbora, la\u017eni ASK, partijski Javni servis. I upravo zbog toga su gra\u0111ani koji protestvuju nazvani neprijateljima dr\u017eave i izdajnicima. Re\u010deno je i da se protesti podstaknuti i finansirani sa Istoka (\u010ditaj iz Rusije), a na\u0161li su, vidimo, mjesta u Izvje\u0161taju iz Brisela.<\/p>\n<p>Ako je vjerovati kampanji koja je vo\u0111ena\u00a0od strane najve\u0107ih dr\u017eavnih funkcionera protiv gra\u0111ana koji su protestovali, te tzv. Javnog servisa i drugih paradr\u017eavnih a \u201enezavisnih medija\u201c (Dnevne novine, Cdm, portal Analitika, radio Antena M, TV Prva&#8230;), uzimaju\u0107i u obzir navedeni Izvje\u0161taj, ispada da su se Moskva i Brisel udru\u017eili protiv na\u0161e demokratske i nadasve patriotske i proevropske Vlade, te vje\u010dnog nam predsjednika, nepopravljivog patriote, koji je u svom 30-godi\u0161njem patriotizmu i borbi za dr\u017eavu postao jedan od najbogatijih evropskih dr\u017eavnika, u zemlji koja je me\u0111u najsiroma\u0161nijim u Evropi.<\/p>\n<p>Mo\u017eda je nepravedna me\u0111unarodna zajednica donijela nepravedan, ni\u010dim izazvan i la\u017ean nalaz i izvje\u0161taj? Kao i 90-tih, pod istim ovim koji danas vladaju. Tada nam je, da vas podsjetim &#8211; jer sve odmah zaboravimo, \u201enepravedna me\u0111unarodna zajednica uvela nepravedne i ni\u010dim zaslu\u017eene sankcije\u201c!<\/p>\n<p>U Izvje\u0161taju EK pored ostalog pi\u0161e:<\/p>\n<ul>\n<li>Karaktiri\u0161e nas nizak stepen povjerenja prema izbornom okviru, koji je neophodno revidirati na sveobuhvatan i inkluzivan na\u010din.<\/li>\n<li>Nakon navoda o korupciji i nezakonitom finansiranju politi\u010dkih stranaka(\u201eAfera Koverta\u201c) do\u0161lo je do mobilizacije gra\u0111ana u vidu redovnih uli\u010dnih protesta, poku\u0161aja uspostavljanja vanparlamentarnog politi\u010dkog dijaloga i zahtjeva opozicije za formiranje tehni\u010dke vlade.<\/li>\n<li>Nije bilo novih pomaka u politi\u010dkom i pravosudnom pra\u0107enju navodne zloupotrebe javnih sredstava u politi\u010dke svrhe iz 2012. godine<\/li>\n<li>Jo\u0161 uvijek je potrebna jaka politi\u010dka volja da se na efikasan na\u010din rije\u0161e pitanja depolitizacije javnog servisa i optimizacije dr\u017eavne uprave.<\/li>\n<li>Korupcija je prisutna u brojnim oblastima i dalje predstavlja razlog za zabrinutost.<\/li>\n<li>I dalje je potrebno rije\u0161iti izazove koji se odnose na kredibilitet, nezavisnost i odre\u0111ivanje prioriteta u radu Agencije za spre\u010davanje korupcije. Finasijske istrage, kao i zaplijenu i oduzimanje imovine i dalje treba pobolj\u0161avati.<\/li>\n<li>Odgovor krivi\u010dnog pravosu\u0111a na korupciju na visokom nivou i dalje ostaje isuvi\u0161e ograni\u010den. Dalje unapre\u0111enje u ovom pogledu bi\u0107e mogu\u0107e samo u uslovima gdje su nezavisne institucije za\u0161ti\u0107ene od bilo kakvog neprimjerenog uticaja i podstaknute da u potpunosti iskoriste svoja ovla\u0161\u0107enja.<\/li>\n<li>U borbi protiv organizovanog kriminala Crna Gora ostaje umjereno pripremljena.<\/li>\n<li>Crna Gora je postigla odre\u0111eni nivo pripreme u pogledu slobode izra\u017eavanja, ali u izvje\u0161tajnom periodu nije ostvaren napredak. U istragama u vezi sa slu\u010dajevima nasilja nad novinarima zabelje\u017een je veoma ograni\u010den pomak. Nedavno politi\u010dko mije\u0161anje u rad Savjeta nacionalnog javnog servisa i Agencije za elektronske medije predstavlja ozbiljnu brigu.<\/li>\n<\/ul>\n<p>&#8230;<\/p>\n<p>Ovo je samo dio nalaza iz izvje\u0161taja EK. Iako skriven u birokratsko-diplomatskim oblandama, on nam govori da smo postigli veliki napredak. U nazadovanju.<\/p>\n<p>Posa\u0111eni luk je izgeda otrulio od dugotrjane vlage i memle.<\/p>\n<p><img loading=\"lazy\" decoding=\"async\" class=\"alignright size-medium wp-image-267111\" src=\"http:\/\/www.pcnen.com\/portal\/wp-content\/uploads\/2019\/05\/Vesna-medenica-300x299.jpg\" alt=\"\" width=\"300\" height=\"299\" \/>Medenici preporu\u010dujem da skija kada po\u010dne sezona ili evocira uspomene sa Dubrova\u010dkog rati\u0161ta, umjesto \u0161to protivustavno tra\u017ei tre\u0107i mandat na mjestu predsjednice Vrhovnog suda Crne Gore.<\/p>\n<p>Patriotizam je da nosioci politike koji su nas doveli do ovakvog izvje\u0161taja Evropske komisije odmah podnesu neopozive ostavke.<\/p>\n<p>&nbsp;<\/p>\n","protected":false},"excerpt":{"rendered":"<p>Pi\u0161e: Omer \u0160ARKI\u0106<\/p>\n","protected":false},"author":12,"featured_media":0,"comment_status":"open","ping_status":"closed","sticky":false,"template":"","format":"standard","meta":{"_seopress_robots_primary_cat":"","_seopress_titles_title":"","_seopress_titles_desc":"","_seopress_robots_index":"","_et_pb_use_builder":"","_et_pb_old_content":"","_et_gb_content_width":"","inline_featured_image":false,"footnotes":""},"categories":[17],"tags":[],"class_list":["post-267102","post","type-post","status-publish","format-standard","hentry","category-blogovi"],"_links":{"self":[{"href":"https:\/\/www.pcnen.com\/portal\/wp-json\/wp\/v2\/posts\/267102","targetHints":{"allow":["GET"]}}],"collection":[{"href":"https:\/\/www.pcnen.com\/portal\/wp-json\/wp\/v2\/posts"}],"about":[{"href":"https:\/\/www.pcnen.com\/portal\/wp-json\/wp\/v2\/types\/post"}],"author":[{"embeddable":true,"href":"https:\/\/www.pcnen.com\/portal\/wp-json\/wp\/v2\/users\/12"}],"replies":[{"embeddable":true,"href":"https:\/\/www.pcnen.com\/portal\/wp-json\/wp\/v2\/comments?post=267102"}],"version-history":[{"count":0,"href":"https:\/\/www.pcnen.com\/portal\/wp-json\/wp\/v2\/posts\/267102\/revisions"}],"wp:attachment":[{"href":"https:\/\/www.pcnen.com\/portal\/wp-json\/wp\/v2\/media?parent=267102"}],"wp:term":[{"taxonomy":"category","embeddable":true,"href":"https:\/\/www.pcnen.com\/portal\/wp-json\/wp\/v2\/categories?post=267102"},{"taxonomy":"post_tag","embeddable":true,"href":"https:\/\/www.pcnen.com\/portal\/wp-json\/wp\/v2\/tags?post=267102"}],"curies":[{"name":"wp","href":"https:\/\/api.w.org\/{rel}","templated":true}]}}