{"id":267100,"date":"2019-05-30T12:49:38","date_gmt":"2019-05-30T10:49:38","guid":{"rendered":"http:\/\/www.pcnen.com\/portal\/?p=267100"},"modified":"2019-05-30T14:57:15","modified_gmt":"2019-05-30T12:57:15","slug":"pacoli-ani-brnabic-zabranjen-ulazak-na-kosovo","status":"publish","type":"post","link":"https:\/\/www.pcnen.com\/portal\/2019\/05\/30\/pacoli-ani-brnabic-zabranjen-ulazak-na-kosovo\/","title":{"rendered":"Pacoli: Ani Brnabi\u0107 zabranjen ulazak na Kosovo"},"content":{"rendered":"<p><img loading=\"lazy\" decoding=\"async\" class=\"alignright size-medium wp-image-235603\" src=\"http:\/\/www.pcnen.com\/portal\/wp-content\/uploads\/2017\/10\/Pacoli-300x230.jpg\" alt=\"\" width=\"300\" height=\"230\" \/>Kosovski ministar spoljnih poslova Bed\u017eet Pacoli je poru\u010dio predsjednici Vlade Srbije Ani Brnabi\u0107 da joj ne\u0107e biti dozvoljen ulazak na Kosovo, sve dok sprovodi \u201erasisti\u010dku i bolesnu ideologiju protiv stanovni\u0161tva Kosova\u201c, navode danas pri\u0161tinski mediji.<\/p>\n<p>Tvrdi se da se radi o Pacolijevoj reakciji na izjavu Ane Brnabi\u0107 da su kosovski Albanci narod koji je iza\u0161ao iz \u0161ume, prenosi FoNet.<\/p>\n<p>Pacoli je okarakterisao kao potpuno neprihvatljive takve tvrdnje Brnabi\u0107, izre\u010dene u prisustvu \u0161efa Misije Evropske unije u Beogradu Sema Fabricija.<\/p>\n<p>Institucionalizovani rasizam u Srbiji, kakav promovi\u0161e vlada Ane Brnabi\u0107, ima izvore u ultranacionalisti\u010dkoj ideologiji bolesnika, izjavio je Pacoli.<\/p>\n","protected":false},"excerpt":{"rendered":"<p>Kosovski ministar spoljnih poslova Bed\u017eet Pacoli je poru\u010dio predsjednici Vlade Srbije Ani Brnabi\u0107 da joj ne\u0107e biti dozvoljen ulazak na Kosovo, sve dok sprovodi \u201erasisti\u010dku i bolesnu ideologiju protiv stanovni\u0161tva Kosova\u201c, navode danas pri\u0161tinski mediji. Tvrdi se da se radi o Pacolijevoj reakciji na izjavu Ane Brnabi\u0107 da su kosovski Albanci narod koji je iza\u0161ao [&hellip;]<\/p>\n","protected":false},"author":1,"featured_media":0,"comment_status":"open","ping_status":"closed","sticky":false,"template":"","format":"standard","meta":{"_seopress_robots_primary_cat":"","_seopress_titles_title":"","_seopress_titles_desc":"","_seopress_robots_index":"","_et_pb_use_builder":"","_et_pb_old_content":"","_et_gb_content_width":"","inline_featured_image":false,"footnotes":""},"categories":[14,12],"tags":[],"class_list":["post-267100","post","type-post","status-publish","format-standard","hentry","category-vijesti","category-prica-dana"],"_links":{"self":[{"href":"https:\/\/www.pcnen.com\/portal\/wp-json\/wp\/v2\/posts\/267100","targetHints":{"allow":["GET"]}}],"collection":[{"href":"https:\/\/www.pcnen.com\/portal\/wp-json\/wp\/v2\/posts"}],"about":[{"href":"https:\/\/www.pcnen.com\/portal\/wp-json\/wp\/v2\/types\/post"}],"author":[{"embeddable":true,"href":"https:\/\/www.pcnen.com\/portal\/wp-json\/wp\/v2\/users\/1"}],"replies":[{"embeddable":true,"href":"https:\/\/www.pcnen.com\/portal\/wp-json\/wp\/v2\/comments?post=267100"}],"version-history":[{"count":0,"href":"https:\/\/www.pcnen.com\/portal\/wp-json\/wp\/v2\/posts\/267100\/revisions"}],"wp:attachment":[{"href":"https:\/\/www.pcnen.com\/portal\/wp-json\/wp\/v2\/media?parent=267100"}],"wp:term":[{"taxonomy":"category","embeddable":true,"href":"https:\/\/www.pcnen.com\/portal\/wp-json\/wp\/v2\/categories?post=267100"},{"taxonomy":"post_tag","embeddable":true,"href":"https:\/\/www.pcnen.com\/portal\/wp-json\/wp\/v2\/tags?post=267100"}],"curies":[{"name":"wp","href":"https:\/\/api.w.org\/{rel}","templated":true}]}}