{"id":267055,"date":"2019-05-29T20:05:49","date_gmt":"2019-05-29T18:05:49","guid":{"rendered":"http:\/\/www.pcnen.com\/portal\/?p=267055"},"modified":"2019-05-30T00:06:26","modified_gmt":"2019-05-29T22:06:26","slug":"sunca-ce-biti-u-intervalima","status":"publish","type":"post","link":"https:\/\/www.pcnen.com\/portal\/2019\/05\/29\/sunca-ce-biti-u-intervalima\/","title":{"rendered":"Sunca \u0107e biti u intervalima"},"content":{"rendered":"<p><img loading=\"lazy\" decoding=\"async\" class=\"size-medium wp-image-146877 alignleft\" src=\"http:\/\/www.pcnen.com\/portal\/wp-content\/uploads\/2014\/05\/sunce2-300x199.jpg\" alt=\"\" width=\"300\" height=\"199\" \/>U \u010detvrtak \u0107e biti promjenljivo obla\u010dno sa sun\u010danim intervalima.<\/p>\n<p>Povremeno \u0107e biti ki\u0161e ili pljuska sa grmljavinom, u ju\u017enim i centralnim krajevima Crne Gore uglavnom ujutro ili prijepodne, a na sjeveru zemlje i u drugom dijelu dana i tokom no\u0107i.<\/p>\n<p>Vjetar promjenljivog smjera bi\u0107e slab do umjeren.<\/p>\n<p>Jutarnja temperatura vazduha bi\u0107e u rasponu od 5 do 16, a najvi\u0161a dnevna od 14 do 23 stepena.<\/p>\n<p>Prije podne \u0107e u Podgorici biti ki\u0161ovito, a popodne prete\u017eno ili djelimi\u010dno sun\u010dano. Vjetar promjenljivog smjera bi\u0107e slab do umjeren.<\/p>\n<p>Jutarnja temperatura vazduha bi\u0107e oko 13, a najvi\u0161a dnevna do 22 stepena.<\/p>\n<p><a href=\"http:\/\/www.meteo.co.me\/misc.php?text=121&amp;sektor=1&amp;grad=ZAB\">Prognoza za ostale gradove.<\/a><\/p>\n","protected":false},"excerpt":{"rendered":"<p>Najvi\u0161a dnevna temperatura vazduha od 14 do 23 stepena<\/p>\n","protected":false},"author":1,"featured_media":0,"comment_status":"open","ping_status":"closed","sticky":false,"template":"","format":"standard","meta":{"_seopress_robots_primary_cat":"","_seopress_titles_title":"","_seopress_titles_desc":"","_seopress_robots_index":"","_et_pb_use_builder":"","_et_pb_old_content":"","_et_gb_content_width":"","inline_featured_image":false,"footnotes":""},"categories":[14,12],"tags":[],"class_list":["post-267055","post","type-post","status-publish","format-standard","hentry","category-vijesti","category-prica-dana"],"_links":{"self":[{"href":"https:\/\/www.pcnen.com\/portal\/wp-json\/wp\/v2\/posts\/267055","targetHints":{"allow":["GET"]}}],"collection":[{"href":"https:\/\/www.pcnen.com\/portal\/wp-json\/wp\/v2\/posts"}],"about":[{"href":"https:\/\/www.pcnen.com\/portal\/wp-json\/wp\/v2\/types\/post"}],"author":[{"embeddable":true,"href":"https:\/\/www.pcnen.com\/portal\/wp-json\/wp\/v2\/users\/1"}],"replies":[{"embeddable":true,"href":"https:\/\/www.pcnen.com\/portal\/wp-json\/wp\/v2\/comments?post=267055"}],"version-history":[{"count":0,"href":"https:\/\/www.pcnen.com\/portal\/wp-json\/wp\/v2\/posts\/267055\/revisions"}],"wp:attachment":[{"href":"https:\/\/www.pcnen.com\/portal\/wp-json\/wp\/v2\/media?parent=267055"}],"wp:term":[{"taxonomy":"category","embeddable":true,"href":"https:\/\/www.pcnen.com\/portal\/wp-json\/wp\/v2\/categories?post=267055"},{"taxonomy":"post_tag","embeddable":true,"href":"https:\/\/www.pcnen.com\/portal\/wp-json\/wp\/v2\/tags?post=267055"}],"curies":[{"name":"wp","href":"https:\/\/api.w.org\/{rel}","templated":true}]}}