{"id":267033,"date":"2019-05-29T14:57:32","date_gmt":"2019-05-29T12:57:32","guid":{"rendered":"http:\/\/www.pcnen.com\/portal\/?p=267033"},"modified":"2019-05-29T14:57:32","modified_gmt":"2019-05-29T12:57:32","slug":"upozorenja-ponovni-izbor-medenice-bio-bi-neustavan","status":"publish","type":"post","link":"https:\/\/www.pcnen.com\/portal\/2019\/05\/29\/upozorenja-ponovni-izbor-medenice-bio-bi-neustavan\/","title":{"rendered":"Upozorenja: Ponovni izbor Medenice bio bi neustavan"},"content":{"rendered":"<p><img loading=\"lazy\" decoding=\"async\" class=\"size-full wp-image-69030 alignleft\" src=\"http:\/\/www.pcnen.com\/portal\/wp-content\/uploads\/2011\/12\/Vesna-Medenica.jpg\" alt=\"\" width=\"276\" height=\"183\" \/>Izvr\u0161na direktorica Akcije za ljudska prava Tea Gorjanc Prelevi\u0107 ocijenila je, <a href=\"https:\/\/fosmedia.me\/infos\/drustvo\/gorjanc-prelevic-za-fos-izbor-medenice-po-treci-put-bio-bi-neustavan\" target=\"_blank\" rel=\"noopener\">za portal FOS media,<\/a> da bi prestavljalo kr\u0161enje Ustava Crne Gore ukoliko bi Vesna Medenica bila po tre\u0107i put izabrana na du\u017enost predsjednice Vrhovnog suda Crne Gore.<\/p>\n<p>Opozicioni Gra\u0111anski pokret URA je upozorio na veliku odgovornost koju sada ima Sudski savjet, \u201cjer moraju izvagati\u201c da li \u017eele raditi u skladu sa Ustavom ili \u201cstati na stranu bezakonja\u201c.<\/p>\n<p>Vesna Medenica se jedina kandidovala za du\u017enost koju ve\u0107 obavlja u dva mandata.<\/p>\n<p>\u201cTre\u0107i mandat predsjednice Vrhovnog suda bi bio protivan Ustavu Crne Gore, a ponovni izbori istih ljudi na funkcije predsjednika sudova u Podgorici, Plavu, Ro\u017eajama, Baru i Kotoru bili bi nezakoniti\u201c, kazala je za FOS media Gorjanc Prelevi\u0107.<\/p>\n<p>I URA i Gorjanc Prelevi\u0107 smatraju da je Ustavom Crne Gore jasno nazna\u010deno da ista osoba ne mo\u017ee biti birana vi\u0161e od dva puta na funkciju predsjednika\/ce Vrhovnog suda.<\/p>\n<p>\u201cDa je ustavotvorac-zakonodavac htio da to pravilo ne va\u017ei za osobe koje su tada ve\u0107 bili na predsjedni\u010dkim funkcijama, to bi izri\u010dito bilo navedeno u Ustavnom zakonu o sprovo\u0111enju amandmana na Ustav Crne Gore iz 2013. godine ili u prelaznim odredbama pomenutog zakona, ali tih napomena u pomenutim aktima nema\u201c, rekla je Gorjanc Prelevi\u0107, komentari\u0161u\u0107i da Ustav Crne Gore, u \u010dl. 124 (oamandman VIII na Ustav od 2013. godine) i Zakon o Sudskom savjetu i sudovima u \u010dlanu 42 jasno propisuju da jedna ista osoba ne mo\u017ee da bude predsjednik suda vi\u0161e od dva puta.<\/p>\n<p>Predsjednika Vrhovnog suda bira i razrje\u0161ava Sudski savjet dvotre\u0107inskom ve\u0107inom, a ostale predsjednike sudova ve\u0107inom glasova svih \u010dlanova, kojih ukupno ima deset. U slu\u010daju jednakog broja glasova, v.d. predsjednik Sudskog savjeta Mladen Vuk\u010devi\u0107 ima odlu\u010duju\u0107i glas.<\/p>\n","protected":false},"excerpt":{"rendered":"<p>Vesna Medenica se jedina kandidovala za predsjednicu Vrhovnog suda CG, du\u017enost koju ve\u0107 obavlja u dva mandata<\/p>\n","protected":false},"author":1,"featured_media":0,"comment_status":"open","ping_status":"closed","sticky":false,"template":"","format":"standard","meta":{"_seopress_robots_primary_cat":"","_seopress_titles_title":"","_seopress_titles_desc":"","_seopress_robots_index":"","_et_pb_use_builder":"","_et_pb_old_content":"","_et_gb_content_width":"","inline_featured_image":false,"footnotes":""},"categories":[14,12],"tags":[],"class_list":["post-267033","post","type-post","status-publish","format-standard","hentry","category-vijesti","category-prica-dana"],"_links":{"self":[{"href":"https:\/\/www.pcnen.com\/portal\/wp-json\/wp\/v2\/posts\/267033","targetHints":{"allow":["GET"]}}],"collection":[{"href":"https:\/\/www.pcnen.com\/portal\/wp-json\/wp\/v2\/posts"}],"about":[{"href":"https:\/\/www.pcnen.com\/portal\/wp-json\/wp\/v2\/types\/post"}],"author":[{"embeddable":true,"href":"https:\/\/www.pcnen.com\/portal\/wp-json\/wp\/v2\/users\/1"}],"replies":[{"embeddable":true,"href":"https:\/\/www.pcnen.com\/portal\/wp-json\/wp\/v2\/comments?post=267033"}],"version-history":[{"count":0,"href":"https:\/\/www.pcnen.com\/portal\/wp-json\/wp\/v2\/posts\/267033\/revisions"}],"wp:attachment":[{"href":"https:\/\/www.pcnen.com\/portal\/wp-json\/wp\/v2\/media?parent=267033"}],"wp:term":[{"taxonomy":"category","embeddable":true,"href":"https:\/\/www.pcnen.com\/portal\/wp-json\/wp\/v2\/categories?post=267033"},{"taxonomy":"post_tag","embeddable":true,"href":"https:\/\/www.pcnen.com\/portal\/wp-json\/wp\/v2\/tags?post=267033"}],"curies":[{"name":"wp","href":"https:\/\/api.w.org\/{rel}","templated":true}]}}