{"id":267027,"date":"2019-05-29T13:26:17","date_gmt":"2019-05-29T11:26:17","guid":{"rendered":"http:\/\/www.pcnen.com\/portal\/?p=267027"},"modified":"2019-05-29T15:12:38","modified_gmt":"2019-05-29T13:12:38","slug":"han-cg-i-srbija-da-sprovedu-reforme-u-vladavini-prava","status":"publish","type":"post","link":"https:\/\/www.pcnen.com\/portal\/2019\/05\/29\/han-cg-i-srbija-da-sprovedu-reforme-u-vladavini-prava\/","title":{"rendered":"Han: CG i Srbija da sprovedu reforme u vladavini prava"},"content":{"rendered":"<p><img loading=\"lazy\" decoding=\"async\" class=\"alignright size-medium wp-image-202230\" src=\"http:\/\/www.pcnen.com\/portal\/wp-content\/uploads\/2016\/04\/johanes-kan-300x225.jpg\" alt=\"\" width=\"300\" height=\"225\" \/>Evropski komesar za pro\u0161irenje Johanes Han je danas u Briselu izjavio da su zemlje Zapadnog Balkana postigle neke zna\u010dajne rezultate, ali da ostaje mnogo izazova, naro\u010dito u vladavini prava.<\/p>\n<p>Predstavljaju\u0107i godi\u0161nji paket o napretku zemalja Zapadnog Balkana, Han je u Spoljnopoliti\u010dkom odboru Evropskog parlamenta (AFET) rekao da zemlje-kandidati i potencijalni kandidati za \u010dlanstvo u EU treba da vi\u0161e u\u010dine na pomirenju i dobrosusjedskim odnosima, jer EU ne mo\u017ee i ne\u0107e da uvozi nere\u0161ene sporove.<\/p>\n<p>Rekao je i da te zemlje treba da nastave da razvijaju privredu.<\/p>\n<blockquote><p>U <a href=\"http:\/\/europa.eu\/rapid\/press-release_COUNTRY-19-2779_en.htm\">izvje\u0161taju o napretku Crne Gore za 2019,<\/a> navedeno je da postoji izvjestan napredak u borbi protiv korpcije i organizovanog kriminala, ali da i dalje nedostaju rezultati kada su u pitanju odre\u0111ene vrste organizovanog kriminala i korupcije na visokom nivou.<\/p>\n<p>&#8220;Korupcija preovladava u mnogim oblastima i ostaje razlog za zabrinutost&#8221;, navodi se u izvje\u0161taju.<\/p>\n<p>U <a href=\"file:\/\/\/C:\/Users\/Owner\/AppData\/Local\/Temp\/20190529-montenegro-report.pdf\">izvje\u0161taju<\/a> je ocijenjeno da u pravosudnom sistemu postoji odre\u0111eni napredak, ali da je neophodno unaprijediti zakonodavni okvir u pravcu ja\u010danja nezavisnosti i profesionalizma pravosu\u0111a i sprovo\u0111enja u praksi.<\/p>\n<p>Navodi se da su \u201cveoma ograni\u010deni dometi istraga napada na novinare\u201c, a da su \u201cnedavni politi\u010dki uplivi\u201c u Savjet RTCG i Agenciju za elektronske medije \u201cstvar koja zaista zabrinjava\u201c.<\/p><\/blockquote>\n<p>Han je kazao da Srbija i Crna Gora moraju da djeluju s ve\u0107om odlu\u010dno\u0161\u0107u i da sprovedu reforme u oblasti vladavine prava, ocijeniv\u0161i da je to najva\u017eniji preduslov za napredak, uklju\u010duju\u0107i ispunjavanje kriterijuma za pregovara\u010dka poglavlja 23 i 24 koja se odnose na pravosu\u0111e i osnovna prava, i na pravdu, slobodu i bezbjednost, prenosi Beta.<\/p>\n<p>Ukazao je na va\u017enost dijaloga Beograda i Pri\u0161tine koji treba da dovede do pravno obavezuju\u0107eg sporazuma o normalizaciji odnosa i naveo da dvIJe strane treba da izbjegavaju provokacije.<\/p>\n<p>&#8220;Pri\u0161tinske takse na uvoz robe iz Srbije i BiH bacile su sjenku na evropski put Kosova i one moraju odmah da budu ukinute&#8221;, rekao je Han.<\/p>\n<p>Evropska komisija, kako je istakao, predla\u017ee otvaranje pristupnih pregovora sa S.Makedonijom i Albanijom jer su obje zemlje napredovale u reformama.<\/p>\n<p>&#8220;Sjeverna Makedonija je nastavila ambicioznu reformsku agendu, a istorijski sporazum koji je postigla s Gr\u010dkom o rje\u0161avanju dugotrajnog spora oko svog naziva, dokaz jre snage privla\u010dnosti koju ima evropska perspektiva, kazao je evropski komesar.<\/p>\n<p>Unija \u0107e ostati posve\u0107ena podr\u0161ci Bosni i Hercegovini na njenom evropskom putu, naveo je Han i dodao da u BIH treba bez daljeg odlaganja formirati vlasti na svim nivoima.<\/p>\n<p>Han je rekao i da EU, da bi zadra\u017eala kredibilitet, mora da ostane privr\u017eena svojim obe\u0107anjima, i da jasno i pozitivno odgovara kada zemlje u procesu pro\u0161irenja ispunjavaju svoja.<\/p>\n","protected":false},"excerpt":{"rendered":"<p>&#8220;Korupcija preovladava u mnogim oblastima i ostaje razlog za zabrinutost&#8221;, navodi se u izvje\u0161taju o napretku Crne Gore<\/p>\n","protected":false},"author":1,"featured_media":0,"comment_status":"open","ping_status":"closed","sticky":false,"template":"","format":"standard","meta":{"_seopress_robots_primary_cat":"","_seopress_titles_title":"","_seopress_titles_desc":"","_seopress_robots_index":"","_et_pb_use_builder":"","_et_pb_old_content":"","_et_gb_content_width":"","inline_featured_image":false,"footnotes":""},"categories":[14,12],"tags":[],"class_list":["post-267027","post","type-post","status-publish","format-standard","hentry","category-vijesti","category-prica-dana"],"_links":{"self":[{"href":"https:\/\/www.pcnen.com\/portal\/wp-json\/wp\/v2\/posts\/267027","targetHints":{"allow":["GET"]}}],"collection":[{"href":"https:\/\/www.pcnen.com\/portal\/wp-json\/wp\/v2\/posts"}],"about":[{"href":"https:\/\/www.pcnen.com\/portal\/wp-json\/wp\/v2\/types\/post"}],"author":[{"embeddable":true,"href":"https:\/\/www.pcnen.com\/portal\/wp-json\/wp\/v2\/users\/1"}],"replies":[{"embeddable":true,"href":"https:\/\/www.pcnen.com\/portal\/wp-json\/wp\/v2\/comments?post=267027"}],"version-history":[{"count":0,"href":"https:\/\/www.pcnen.com\/portal\/wp-json\/wp\/v2\/posts\/267027\/revisions"}],"wp:attachment":[{"href":"https:\/\/www.pcnen.com\/portal\/wp-json\/wp\/v2\/media?parent=267027"}],"wp:term":[{"taxonomy":"category","embeddable":true,"href":"https:\/\/www.pcnen.com\/portal\/wp-json\/wp\/v2\/categories?post=267027"},{"taxonomy":"post_tag","embeddable":true,"href":"https:\/\/www.pcnen.com\/portal\/wp-json\/wp\/v2\/tags?post=267027"}],"curies":[{"name":"wp","href":"https:\/\/api.w.org\/{rel}","templated":true}]}}