{"id":267006,"date":"2019-05-29T09:31:11","date_gmt":"2019-05-29T07:31:11","guid":{"rendered":"http:\/\/www.pcnen.com\/portal\/?p=267006"},"modified":"2019-05-29T11:57:53","modified_gmt":"2019-05-29T09:57:53","slug":"kfor-vlasti-srbije-bile-obavijestene-o-akciji-na-kosovu","status":"publish","type":"post","link":"https:\/\/www.pcnen.com\/portal\/2019\/05\/29\/kfor-vlasti-srbije-bile-obavijestene-o-akciji-na-kosovu\/","title":{"rendered":"KFOR: Vlasti Srbije bile obavije\u0161tene o akciji na Kosovu"},"content":{"rendered":"<p><img loading=\"lazy\" decoding=\"async\" class=\"alignright size-medium wp-image-57875\" src=\"http:\/\/www.pcnen.com\/portal\/wp-content\/uploads\/2011\/08\/kosovo1389-300x168.jpg\" alt=\"\" width=\"300\" height=\"168\" \/>Portparol KFOR pukovnik Vi\u0107enco Graso je danas izjavio da su vlasti Srbije bile obavije\u0161tene da \u0107e do\u0107i do <a href=\"http:\/\/www.pcnen.com\/portal\/2019\/05\/28\/kosovo-uhapseni-policajci-srpske-albanske-i-bosnjacke-nacionalnosti\/\">akcije hap\u0161enja na sjeveru Kosova u utorak, 28. maja<\/a>, i da &#8220;nije bilo iznena\u0111enja&#8221;.<\/p>\n<p>&#8220;Ju\u010de je situacija bila pod kontrolom i konstantno smo je pratili. Imali smo dobru razmjenu informacija i bili smo u kontaktu sa srpskim vlastima&#8221;, kazao je Graso za TV Prva, prenosi Beta.<\/p>\n<p>Portparol KFOR je negirao da je ma\u0111arski kontigent poku\u0161ao da reaguje tokom akcije, a da je sprije\u010den od komandanta tih snaga.<\/p>\n<p><a href=\"http:\/\/www.pcnen.com\/portal\/2019\/05\/28\/kosovo-uhapseno-28-osoba\/\">Predsjednik Srbije Aleksandar Vu\u010di\u0107 je kazao ju\u010de<\/a> u Skup\u0161tini Srbije da je tokom akcije na sjeveru Kosova ma\u0111arski kontigent KFOR poku\u0161ao da reaguje, ali da su sprije\u010deni.<\/p>\n<p>Vu\u010di\u0107 je danas izjavio da &#8220;ne govore istinu&#8221; predstavnici me\u0111unarodne zajednice na Kosovu koji tvrde da je vlast u Beogradu bila upoznata sa izvo\u0111enjem akcije kosovske policije na sjeveru i da je to lako provjeriti.<\/p>\n<p>&#8220;Mi smo njih obavestili. Sve do 17. maja mi smo od njih tra\u017eili da to ne urade. Pa kada su rekli da moraju zbog borbe protiv korupcije, tada su na\u0161i ljudi iz Kancelarije za Kosovo tra\u017eili da ne upadaju na sever nego da po\u0161alju poziv (osumnji\u010denima). Va\u017eno je da vidimo koga su to oni obavestili pre 17. maja&#8221;, rekao je Vu\u010di\u0107.<\/p>\n<p>Pripadnici kosovske policija uhapsili su ju\u010de vi\u0161e osoba na sjeveru Kosova. Kosovska policija je navela da se radilo o akciji protiv organizovanog kriminala, dok je zvani\u010dni Beograd ocijenio da je ona bila usmjerena na kriminalizaciju i zastra\u0161ivanje preostalih Srba na Kosovu.<\/p>\n","protected":false},"excerpt":{"rendered":"<p>Portparol KFOR je negirao da je ma\u0111arski kontigent poku\u0161ao da reaguje tokom akcije, a da je sprije\u010den od komandanta tih snaga<\/p>\n","protected":false},"author":1,"featured_media":0,"comment_status":"open","ping_status":"closed","sticky":false,"template":"","format":"standard","meta":{"_seopress_robots_primary_cat":"","_seopress_titles_title":"","_seopress_titles_desc":"","_seopress_robots_index":"","_et_pb_use_builder":"","_et_pb_old_content":"","_et_gb_content_width":"","inline_featured_image":false,"footnotes":""},"categories":[14,12],"tags":[],"class_list":["post-267006","post","type-post","status-publish","format-standard","hentry","category-vijesti","category-prica-dana"],"_links":{"self":[{"href":"https:\/\/www.pcnen.com\/portal\/wp-json\/wp\/v2\/posts\/267006","targetHints":{"allow":["GET"]}}],"collection":[{"href":"https:\/\/www.pcnen.com\/portal\/wp-json\/wp\/v2\/posts"}],"about":[{"href":"https:\/\/www.pcnen.com\/portal\/wp-json\/wp\/v2\/types\/post"}],"author":[{"embeddable":true,"href":"https:\/\/www.pcnen.com\/portal\/wp-json\/wp\/v2\/users\/1"}],"replies":[{"embeddable":true,"href":"https:\/\/www.pcnen.com\/portal\/wp-json\/wp\/v2\/comments?post=267006"}],"version-history":[{"count":0,"href":"https:\/\/www.pcnen.com\/portal\/wp-json\/wp\/v2\/posts\/267006\/revisions"}],"wp:attachment":[{"href":"https:\/\/www.pcnen.com\/portal\/wp-json\/wp\/v2\/media?parent=267006"}],"wp:term":[{"taxonomy":"category","embeddable":true,"href":"https:\/\/www.pcnen.com\/portal\/wp-json\/wp\/v2\/categories?post=267006"},{"taxonomy":"post_tag","embeddable":true,"href":"https:\/\/www.pcnen.com\/portal\/wp-json\/wp\/v2\/tags?post=267006"}],"curies":[{"name":"wp","href":"https:\/\/api.w.org\/{rel}","templated":true}]}}