{"id":266969,"date":"2019-05-28T20:36:38","date_gmt":"2019-05-28T18:36:38","guid":{"rendered":"http:\/\/www.pcnen.com\/portal\/?p=266969"},"modified":"2019-05-28T23:10:12","modified_gmt":"2019-05-28T21:10:12","slug":"kisovito-i-dalje","status":"publish","type":"post","link":"https:\/\/www.pcnen.com\/portal\/2019\/05\/28\/kisovito-i-dalje\/","title":{"rendered":"Ki\u0161ovito i dalje"},"content":{"rendered":"<p><img loading=\"lazy\" decoding=\"async\" class=\"alignright size-medium wp-image-157609\" src=\"http:\/\/www.pcnen.com\/portal\/wp-content\/uploads\/2014\/09\/kisa-300x163.jpg\" alt=\"\" width=\"300\" height=\"163\" \/>Ki\u0161a \u0107e u srijedu padati povremeno, a bi\u0107e pljuskova i grmljavine. Intenzivnije padavine najavljuju se u \u00a0ju\u017enim i centralnim krajevima Crne Gore.<\/p>\n<p>Ponegdje se o\u010dekuju obilniji pljuskovi.<\/p>\n<p>Ju\u017eni vjetar \u0107e biti mjestimi\u010dno umjeren i jak.<\/p>\n<p>Jutarnja temperatura vazduha bi\u0107e u rasponu od 7 do 18, a najvi\u0161a dnevna od 13 do 23 stepena.<\/p>\n<p>U Podgorici \u0107e biti prete\u017eno obla\u010dno sa ki\u0161om, pljuskovima i grmljavinom. Povremeno \u0107e ti pljuskovi biti izra\u017eeniji, napominje se u prognozi. Vjetar ju\u017eni bi\u0107e uglavnom slab do umjeren. Jutarnja temperatura vazduha bi\u0107e oko 17, a najvi\u0161a dnevna oko 21 stepen.<\/p>\n<p><a href=\"http:\/\/www.meteo.co.me\/misc.php?text=121&amp;sektor=1&amp;grad=GUS\">Prognoza za ostale gradove.<\/a><\/p>\n","protected":false},"excerpt":{"rendered":"<p>Ponegdje se o\u010dekuju obilniji pljuskovi<\/p>\n","protected":false},"author":1,"featured_media":0,"comment_status":"open","ping_status":"closed","sticky":false,"template":"","format":"standard","meta":{"_seopress_robots_primary_cat":"","_seopress_titles_title":"","_seopress_titles_desc":"","_seopress_robots_index":"","_et_pb_use_builder":"","_et_pb_old_content":"","_et_gb_content_width":"","inline_featured_image":false,"footnotes":""},"categories":[14,12],"tags":[],"class_list":["post-266969","post","type-post","status-publish","format-standard","hentry","category-vijesti","category-prica-dana"],"_links":{"self":[{"href":"https:\/\/www.pcnen.com\/portal\/wp-json\/wp\/v2\/posts\/266969","targetHints":{"allow":["GET"]}}],"collection":[{"href":"https:\/\/www.pcnen.com\/portal\/wp-json\/wp\/v2\/posts"}],"about":[{"href":"https:\/\/www.pcnen.com\/portal\/wp-json\/wp\/v2\/types\/post"}],"author":[{"embeddable":true,"href":"https:\/\/www.pcnen.com\/portal\/wp-json\/wp\/v2\/users\/1"}],"replies":[{"embeddable":true,"href":"https:\/\/www.pcnen.com\/portal\/wp-json\/wp\/v2\/comments?post=266969"}],"version-history":[{"count":0,"href":"https:\/\/www.pcnen.com\/portal\/wp-json\/wp\/v2\/posts\/266969\/revisions"}],"wp:attachment":[{"href":"https:\/\/www.pcnen.com\/portal\/wp-json\/wp\/v2\/media?parent=266969"}],"wp:term":[{"taxonomy":"category","embeddable":true,"href":"https:\/\/www.pcnen.com\/portal\/wp-json\/wp\/v2\/categories?post=266969"},{"taxonomy":"post_tag","embeddable":true,"href":"https:\/\/www.pcnen.com\/portal\/wp-json\/wp\/v2\/tags?post=266969"}],"curies":[{"name":"wp","href":"https:\/\/api.w.org\/{rel}","templated":true}]}}