{"id":266955,"date":"2019-05-28T14:35:20","date_gmt":"2019-05-28T12:35:20","guid":{"rendered":"http:\/\/www.pcnen.com\/portal\/?p=266955"},"modified":"2019-05-28T17:51:50","modified_gmt":"2019-05-28T15:51:50","slug":"kosovo-uhapseno-28-osoba","status":"publish","type":"post","link":"https:\/\/www.pcnen.com\/portal\/2019\/05\/28\/kosovo-uhapseno-28-osoba\/","title":{"rendered":"Kosovo: Uhap\u0161eno 28 osoba"},"content":{"rendered":"<p><a href=\"https:\/\/insajderi.com\/prokurori-i-prokurorise-speciale-tregon-se-si-erdhi-deri-te-aksioni-i-sotem-i-policise-ne-veri\/\">Portal Insajderi<\/a> na albanskom jeziku objavio je da je u <a href=\"http:\/\/www.pcnen.com\/portal\/2019\/05\/28\/kosovo-uhapseni-policajci-srpske-albanske-i-bosnjacke-nacionalnosti\/\">dana\u0161njoj akciji specijalnih policijskih jedinica Kosova<\/a> uhap\u0161eno 28 osoba, od \u010dega 19 policajaca i devet gra\u0111ana. Me\u0111u uhap\u0161enim policajcima je 11 arpske nacionalnosti, \u010detiri su albanske, a \u010detvorica bo\u0161nja\u010dke nacionalnosti.<\/p>\n<p>Me\u0111u uhap\u0161enim policajcima, kako je kasnije zvani\u010dno saop\u0161teno, je jedan komandir, tri poru\u010dnika i petnaest policijskih slu\u017ebenika.<\/p>\n<p><iframe loading=\"lazy\" title=\"Veprimi i policit pas p\u00ebrfundimit t\u00eb aksionit n\u00eb veri(Foto-Video)\" width=\"1080\" height=\"608\" src=\"https:\/\/www.youtube.com\/embed\/EQr2QnYGSdU?feature=oembed\" frameborder=\"0\" allow=\"accelerometer; autoplay; clipboard-write; encrypted-media; gyroscope; picture-in-picture; web-share\" allowfullscreen><\/iframe><\/p>\n","protected":false},"excerpt":{"rendered":"<p>Portal Insajderi na albanskom jeziku objavio je da je u dana\u0161njoj akciji specijalnih policijskih jedinica Kosova uhap\u0161eno 28 osoba, od \u010dega 19 policajaca i devet gra\u0111ana. Me\u0111u uhap\u0161enim policajcima je 11 arpske nacionalnosti, \u010detiri su albanske, a \u010detvorica bo\u0161nja\u010dke nacionalnosti. Me\u0111u uhap\u0161enim policajcima, kako je kasnije zvani\u010dno saop\u0161teno, je jedan komandir, tri poru\u010dnika i petnaest [&hellip;]<\/p>\n","protected":false},"author":1,"featured_media":0,"comment_status":"open","ping_status":"closed","sticky":false,"template":"","format":"standard","meta":{"_seopress_robots_primary_cat":"","_seopress_titles_title":"","_seopress_titles_desc":"","_seopress_robots_index":"","_et_pb_use_builder":"","_et_pb_old_content":"","_et_gb_content_width":"","inline_featured_image":false,"footnotes":""},"categories":[14],"tags":[],"class_list":["post-266955","post","type-post","status-publish","format-standard","hentry","category-vijesti"],"_links":{"self":[{"href":"https:\/\/www.pcnen.com\/portal\/wp-json\/wp\/v2\/posts\/266955","targetHints":{"allow":["GET"]}}],"collection":[{"href":"https:\/\/www.pcnen.com\/portal\/wp-json\/wp\/v2\/posts"}],"about":[{"href":"https:\/\/www.pcnen.com\/portal\/wp-json\/wp\/v2\/types\/post"}],"author":[{"embeddable":true,"href":"https:\/\/www.pcnen.com\/portal\/wp-json\/wp\/v2\/users\/1"}],"replies":[{"embeddable":true,"href":"https:\/\/www.pcnen.com\/portal\/wp-json\/wp\/v2\/comments?post=266955"}],"version-history":[{"count":0,"href":"https:\/\/www.pcnen.com\/portal\/wp-json\/wp\/v2\/posts\/266955\/revisions"}],"wp:attachment":[{"href":"https:\/\/www.pcnen.com\/portal\/wp-json\/wp\/v2\/media?parent=266955"}],"wp:term":[{"taxonomy":"category","embeddable":true,"href":"https:\/\/www.pcnen.com\/portal\/wp-json\/wp\/v2\/categories?post=266955"},{"taxonomy":"post_tag","embeddable":true,"href":"https:\/\/www.pcnen.com\/portal\/wp-json\/wp\/v2\/tags?post=266955"}],"curies":[{"name":"wp","href":"https:\/\/api.w.org\/{rel}","templated":true}]}}