{"id":266917,"date":"2019-05-28T11:03:38","date_gmt":"2019-05-28T09:03:38","guid":{"rendered":"http:\/\/www.pcnen.com\/portal\/?p=266917"},"modified":"2019-05-28T12:44:36","modified_gmt":"2019-05-28T10:44:36","slug":"kosovo-uhapseni-policajci-srpske-albanske-i-bosnjacke-nacionalnosti","status":"publish","type":"post","link":"https:\/\/www.pcnen.com\/portal\/2019\/05\/28\/kosovo-uhapseni-policajci-srpske-albanske-i-bosnjacke-nacionalnosti\/","title":{"rendered":"Kosovo: Uhap\u0161eni policajci srpske, albanske i bo\u0161nja\u010dke nacionalnosti"},"content":{"rendered":"<p><img loading=\"lazy\" decoding=\"async\" class=\"alignright size-medium wp-image-171950\" src=\"http:\/\/www.pcnen.com\/portal\/wp-content\/uploads\/2015\/02\/Kosovo-tabla-300x225.jpg\" alt=\"\" width=\"300\" height=\"225\" \/><\/p>\n<p>Kosovska policija oglasila se i tre\u0107im saop\u0161tenjem od jutros u vezi sa akcijom koja je i dalje u toku na Sjeveru. Ovog puta, me\u0111utim, daju konkretnije informacije da se akcija sprovodi i u sredinama koje su nastanjene ve\u0107inski albanskim stanovni\u0161tvom \u2013 Srbici, Ju\u017enoj Mitrovici i Drenici. Ove op\u0161tine pripadaju administrativnoj cjelini Sjever, koja se sastoji iz sedam \u2013 \u010detiri na Sjeveru i tri na jugu.<\/p>\n<p>\u201cTokom dana\u0161nje policijske akcije, koja je jo\u0161 uvijek u toku, uhap\u0161eni su pripadnici kosovske policije srpske, albanske i bo\u0161nja\u010dke nacionalnosti.<\/p>\n<p><strong>Haradinaj: Operacija protiv krijum\u010darenja i organizovanog kriminala<\/strong><\/p>\n<p>Kosovski premijer Ramu\u0161 Haradinaj se oglasio na dru\u0161tvenoj mre\u017ei Tviter povodom jutro\u0161nje akcije specijalnih jedinica Kosovske policije.<\/p>\n<p>\u201cOperacija protiv krijum\u010darenja i organizovanog kriminala se sprovodi u sjevernim op\u0161tinama na Kosovu. To je dio na\u0161e posve\u0107enosti sprovo\u0111enju vladavine prava za sve. Potvr\u0111ujem da je ova operacija protiv organizovanog kriminala i usmjerena protiv policajaca i carinika. Pozivam gra\u0111ane da ostanu mirni\u201c, napisao je Haradinaj, prenosi KoSSev.info.<\/p>\n<p>Tokom jutro\u0161nje akcije specijalnih jedinica Kosovske policije do\u0161lo je i do oru\u017eanog sukoba, \u0161to je potvr\u0111eno i u zvani\u010dnom saop\u0161tenju Kosovske policije. Kako KoSSev nezvani\u010dno saznaje, do pucnjave je do\u0161lo u op\u0161tini Zubin Potok i tom prilikom lak\u0161e je ranjen pripadnik specijalnih jedinica Kosovske policije.<\/p>\n<p><strong>Akciji prethodila vi\u0161emjese\u010dna istraga<\/strong><\/p>\n<p>Kosovska policija je saop\u0161tila da je danas, u saradnji sa Policijskim inspektoratom Kosova (PIK), kao i drugim relevantnim jedinicama,\u00a0 na osnovu naloga Osnovnog suda u Pri\u0161tini, izvr\u0161ila operaciju koja je za rezultat imala hap\u0161enje nekih policijskih zvani\u010dnika i nekih gra\u0111ana, prenosi Kossev.info.<\/p>\n<p>&#8220;Ovoj operaciji pethodnila je vi\u0161emjese\u010dna istraga PIK-a i Kosovske policije predvo\u0111ene Specijalnim tu\u017eila\u0161tvom Kosova koja je rezultirala sumnjom o uklju\u010denosti nekih policijskih zvani\u010dnika i nekih gra\u0111ana u u\u010de\u0161\u0107e i organizovanje kriminalne grupe, u vezi sa drugim krivi\u010dnim delima krijum\u010darenje robe i zloupotreba slu\u017ebenog polo\u017eaja, davanje mita, itd.<\/p>\n<p>Uprkos oru\u017eanom otporu u Severnoj Mitrovici, policijska akcija se nastavila, uklju\u010duju\u0107i hap\u0161enja i kontrolisanje nekih lokacija \u0161to je rezultiralo konfiskacijom relevantnih dokaza kao i dugih cijevi\u201c, navedeno je u saop\u0161tenju Kosovske policije.<\/p>\n<p>U novom saop\u0161tenju je Kosovska policija obavestila javnost da\u00a0 akcija nije povezana sa ubistvima Envera Zumberija i politi\u010dara Olivera Ivanovi\u0107a, kako su prenijeli neki srpski i lokalni mediji.<\/p>\n<p>Specijalni tu\u017eilac Sulj Hod\u017ea je u izjavi za pri\u0161tinski Kallxo rekao da je do sada pet osumnji\u010denih pripadnika policije uhap\u0161eno, me\u0111u njima i komandir policijske stanice u Zubinom Potoku.<\/p>\n<p><strong>Akciju pratile sirene za vazdu\u0161nu opasnost<\/strong><\/p>\n<p>Jutros oko 6 sati i 15 minuta u sjevernoj Kosovskoj Mitrovici oglasile su se sirene za vazdu\u0161nu opasnost, a prema nezvani\u010dnim informacijama, u toku je akcija hap\u0161enja Srba na sjeveru Kosova, javila je agencija Beta.<\/p>\n<p>Agencija je javila da su pripadnici specijalne jedinice ROSU upali rano jutros u naselje Bo\u0161nja\u010dka mahala i u zgradi &#8216;Beogra\u0111anka&#8217; i uhapsili jednog pripadnika Kosovskih policijskih snaga (KPS) srpske nacionlnosti.<\/p>\n<p>Prema pouzdanim izvorima agencije Tanjug, uhap\u0161ena su trojica kosovskih policajaca srpske nacionalnosti.<\/p>\n<p><iframe loading=\"lazy\" title=\"Policijska akcija na Severu (Leposavi\u0107) - Akcija protiv krijum\u010darenja? 28.05.2019\" width=\"1080\" height=\"608\" src=\"https:\/\/www.youtube.com\/embed\/hPwYEytqrOk?feature=oembed\" frameborder=\"0\" allow=\"accelerometer; autoplay; clipboard-write; encrypted-media; gyroscope; picture-in-picture; web-share\" allowfullscreen><\/iframe><\/p>\n<p><a href=\"https:\/\/kossev.info\/kosovska-mitrovica-policijska-akcija-protiv-krijumcarenja\/\">Kosovski mediji javljaju<\/a> da se radi o \u201cogromnoj akciji na Sjeveru Mitrovice protiv krijum\u010darenja\u201c, ali u kosovskoj policiji regiona Sjever, jo\u0161 uvijek nemaju zvani\u010dne informacije o tome \u0161ta se doga\u0111a.<\/p>\n<p>Zamjenik kosovskog ministra unutra\u0161njih poslova Milan Radojevi\u0107 nije \u017eelio da da zvani\u010dnu izjavu za <a href=\"https:\/\/kossev.info\/kosovska-mitrovica-policijska-akcija-protiv-krijumcarenja\/\">Kossev<\/a> o tome \u0161ta se de\u0161ava i zamolio ekipu ovog srpskog medijada ne snima.<\/p>\n<p><strong>Vojska Srbije u stanju pune borbene gotovosti<\/strong><\/p>\n<p>Predsjednik Srbije Aleksandar Vu\u010dic\u0301 je stavio sve jedinice Vojske Srbije u stanje pune borbene gotovosti. U stanju pripravnosti su i specijalne jedince MUP-a, prenosi Sputnjik, portal na srpskom jeziku.<\/p>\n<p>Direktor Vladine Kancelarije za KiM Marko \u0110uric\u0301 je rekao za RTS da su jedinice ROSU, naoru\u017eane do zuba, upale na sjever KiM sa ciljem da zastra\u0161e i izazovu paniku uz hap\u0161enja koja je prethodnih dana najavljivao predsjednik Aleksandar Vu\u010dic\u0301.<\/p>\n<p>\u0110uric\u0301 je naveo da su se \u010duli i pucnji i da postoje informacije o uhap\u0161enima. Kako je dodao, situacija je dramati\u010dna.<\/p>\n","protected":false},"excerpt":{"rendered":"<p>Predsjednik Srbije Aleksandar Vu\u010dic\u0301 je stavio sve jedinice Vojske Srbije u stanje pune borbene gotovosti<\/p>\n","protected":false},"author":1,"featured_media":0,"comment_status":"open","ping_status":"closed","sticky":false,"template":"","format":"standard","meta":{"_seopress_robots_primary_cat":"","_seopress_titles_title":"","_seopress_titles_desc":"","_seopress_robots_index":"","_et_pb_use_builder":"","_et_pb_old_content":"","_et_gb_content_width":"","inline_featured_image":false,"footnotes":""},"categories":[14,12],"tags":[],"class_list":["post-266917","post","type-post","status-publish","format-standard","hentry","category-vijesti","category-prica-dana"],"_links":{"self":[{"href":"https:\/\/www.pcnen.com\/portal\/wp-json\/wp\/v2\/posts\/266917","targetHints":{"allow":["GET"]}}],"collection":[{"href":"https:\/\/www.pcnen.com\/portal\/wp-json\/wp\/v2\/posts"}],"about":[{"href":"https:\/\/www.pcnen.com\/portal\/wp-json\/wp\/v2\/types\/post"}],"author":[{"embeddable":true,"href":"https:\/\/www.pcnen.com\/portal\/wp-json\/wp\/v2\/users\/1"}],"replies":[{"embeddable":true,"href":"https:\/\/www.pcnen.com\/portal\/wp-json\/wp\/v2\/comments?post=266917"}],"version-history":[{"count":0,"href":"https:\/\/www.pcnen.com\/portal\/wp-json\/wp\/v2\/posts\/266917\/revisions"}],"wp:attachment":[{"href":"https:\/\/www.pcnen.com\/portal\/wp-json\/wp\/v2\/media?parent=266917"}],"wp:term":[{"taxonomy":"category","embeddable":true,"href":"https:\/\/www.pcnen.com\/portal\/wp-json\/wp\/v2\/categories?post=266917"},{"taxonomy":"post_tag","embeddable":true,"href":"https:\/\/www.pcnen.com\/portal\/wp-json\/wp\/v2\/tags?post=266917"}],"curies":[{"name":"wp","href":"https:\/\/api.w.org\/{rel}","templated":true}]}}