{"id":266881,"date":"2019-05-27T14:43:15","date_gmt":"2019-05-27T12:43:15","guid":{"rendered":"http:\/\/www.pcnen.com\/portal\/?p=266881"},"modified":"2019-05-27T14:43:15","modified_gmt":"2019-05-27T12:43:15","slug":"bugarska-podsjeca-crnu-goru-na-dan-slovenske-pismenosti","status":"publish","type":"post","link":"https:\/\/www.pcnen.com\/portal\/2019\/05\/27\/bugarska-podsjeca-crnu-goru-na-dan-slovenske-pismenosti\/","title":{"rendered":"Bugarska podsje\u0107a Crnu Goru na Dan slovenske pismenosti"},"content":{"rendered":"<p><img loading=\"lazy\" decoding=\"async\" class=\"alignright size-medium wp-image-266667\" src=\"http:\/\/www.pcnen.com\/portal\/wp-content\/uploads\/2019\/05\/glagoljica-300x102.jpg\" alt=\"\" width=\"300\" height=\"102\" srcset=\"https:\/\/www.pcnen.com\/portal\/wp-content\/uploads\/2019\/05\/glagoljica-300x102.jpg 300w, https:\/\/www.pcnen.com\/portal\/wp-content\/uploads\/2019\/05\/glagoljica-235x80.jpg 235w, https:\/\/www.pcnen.com\/portal\/wp-content\/uploads\/2019\/05\/glagoljica-75x26.jpg 75w, https:\/\/www.pcnen.com\/portal\/wp-content\/uploads\/2019\/05\/glagoljica.jpg 350w, https:\/\/www.pcnen.com\/portal\/wp-content\/uploads\/2019\/05\/glagoljica-220x75.jpg 220w\" sizes=\"(max-width: 300px) 100vw, 300px\" \/>U prostorijama EU info centra u Podgorici\u00a0 sjutra \u0107e, povodom Dana slovenske pismenosti, biti otvorena izlo\u017ebu posve\u0107enu \u0107irili\u010dnom pismu i na njemu zasnovanoj tradiciji i kulturi Bugarske i Balkana.<\/p>\n<p>Ambasada Bugarske \u0107e tim povodom Ministarstvu kulture Crne Gore, odnosno nacionalnoj biblioteci, uru\u010diti donaciju \u0107irili\u010dnih knjiga, saop\u0161teno je iz EU info centra.<\/p>\n<p>U Crnoj Gori ovaj dan nije obilje\u017een na druga\u010diji na\u010din.<\/p>\n<p>Dan Slovenske pismenosti tradicionalno se proslavlja 24. maja kao sje\u0107anje na dan kada su, poslije sve\u010danosti u \u010dast obnove Carigrada, svetitelji \u0106irilo i Metodije \u2013 tvorci prvog slovenskog pisma \u2013 glagoljice, krenuli 863. godine na misionarski put u Moravsku.<\/p>\n<p>&nbsp;<\/p>\n","protected":false},"excerpt":{"rendered":"<p>U prostorijama EU info centra u Podgorici\u00a0 sjutra \u0107e, povodom Dana slovenske pismenosti, biti otvorena izlo\u017ebu posve\u0107enu \u0107irili\u010dnom pismu i na njemu zasnovanoj tradiciji i kulturi Bugarske i Balkana. Ambasada Bugarske \u0107e tim povodom Ministarstvu kulture Crne Gore, odnosno nacionalnoj biblioteci, uru\u010diti donaciju \u0107irili\u010dnih knjiga, saop\u0161teno je iz EU info centra. U Crnoj Gori ovaj [&hellip;]<\/p>\n","protected":false},"author":1,"featured_media":266667,"comment_status":"open","ping_status":"closed","sticky":false,"template":"","format":"standard","meta":{"_seopress_robots_primary_cat":"","_seopress_titles_title":"","_seopress_titles_desc":"","_seopress_robots_index":"","_et_pb_use_builder":"","_et_pb_old_content":"","_et_gb_content_width":"","inline_featured_image":false,"footnotes":""},"categories":[14,12],"tags":[],"class_list":["post-266881","post","type-post","status-publish","format-standard","has-post-thumbnail","hentry","category-vijesti","category-prica-dana"],"_links":{"self":[{"href":"https:\/\/www.pcnen.com\/portal\/wp-json\/wp\/v2\/posts\/266881","targetHints":{"allow":["GET"]}}],"collection":[{"href":"https:\/\/www.pcnen.com\/portal\/wp-json\/wp\/v2\/posts"}],"about":[{"href":"https:\/\/www.pcnen.com\/portal\/wp-json\/wp\/v2\/types\/post"}],"author":[{"embeddable":true,"href":"https:\/\/www.pcnen.com\/portal\/wp-json\/wp\/v2\/users\/1"}],"replies":[{"embeddable":true,"href":"https:\/\/www.pcnen.com\/portal\/wp-json\/wp\/v2\/comments?post=266881"}],"version-history":[{"count":0,"href":"https:\/\/www.pcnen.com\/portal\/wp-json\/wp\/v2\/posts\/266881\/revisions"}],"wp:featuredmedia":[{"embeddable":true,"href":"https:\/\/www.pcnen.com\/portal\/wp-json\/wp\/v2\/media\/266667"}],"wp:attachment":[{"href":"https:\/\/www.pcnen.com\/portal\/wp-json\/wp\/v2\/media?parent=266881"}],"wp:term":[{"taxonomy":"category","embeddable":true,"href":"https:\/\/www.pcnen.com\/portal\/wp-json\/wp\/v2\/categories?post=266881"},{"taxonomy":"post_tag","embeddable":true,"href":"https:\/\/www.pcnen.com\/portal\/wp-json\/wp\/v2\/tags?post=266881"}],"curies":[{"name":"wp","href":"https:\/\/api.w.org\/{rel}","templated":true}]}}