{"id":266858,"date":"2019-05-27T09:09:50","date_gmt":"2019-05-27T07:09:50","guid":{"rendered":"http:\/\/www.pcnen.com\/portal\/?p=266858"},"modified":"2019-05-27T09:09:50","modified_gmt":"2019-05-27T07:09:50","slug":"kovacevic-svi-ugovori-o-gradnji-mini-hidroelektrana-mogu-biti-raskinuti","status":"publish","type":"post","link":"https:\/\/www.pcnen.com\/portal\/2019\/05\/27\/kovacevic-svi-ugovori-o-gradnji-mini-hidroelektrana-mogu-biti-raskinuti\/","title":{"rendered":"Kova\u010devi\u0107: Svi ugovori o gradnji mini hidroelektrana mogu biti raskinuti"},"content":{"rendered":"<p><img loading=\"lazy\" decoding=\"async\" class=\"size-medium wp-image-235335 alignleft\" src=\"http:\/\/www.pcnen.com\/portal\/wp-content\/uploads\/2017\/10\/Moracka-Bistrica-300x254.jpg\" alt=\"\" width=\"300\" height=\"254\" \/>Svi ugovori o koncesijama za izgradnju malih hidroelektrana u Crnoj Gori koji su zaklju\u010deni do 2016. godine mogu biti raskinuti zbog kr\u0161enja Zakona o koncesijama, kazala je izvr\u0161na direktorica nevladine organizacije Gren Home Nata\u0161a Kova\u010devi\u0107.<\/p>\n<p>Ona je za Vijesti rekla da su za 50 malih hidroelektrana potpisani ugovori bez plana davanja koncesija za kori\u0161\u0107enje vodotoka i prate\u0107e studije o strate\u0161koj procjeni uticaja na \u017eivotnu sredinu.<\/p>\n<p>\u201cDr\u017eavne institucije i stru\u010dna javnost moraju da daju jasan i odr\u017eiv okvir vizije energetskog razvoja u ekolo\u0161koj dr\u017eavi. Do sada smo samo pokazali neozbiljnost, nedozrelost i podlo\u017enost nadle\u017enih interesnim energetskim lobijima u planiranju i gradnji malih hidroelektrana, zbog \u010dega smatram da ova generacija donosioca odluka nije pozvana da dalje razvija ove energetske potencijale. Male hidroelektrane su mogle biti korisne udaljenim selima, kao distribuirani i nekomercijalni izvori energije, u vlasni\u0161tvu malih zajednica i donijeti uslove za njihov razvoj ali u postoje\u0107im okolnostima je te\u0161ko govoriti o njihovoj pravoj svrsi\u201d, kazala je Kova\u010devi\u0107, koja smatra da je moratorijum na izgradnju malih hidroelektrana nu\u017enost.<\/p>\n<p><a href=\"http:\/\/www.pcnen.com\/portal\/2019\/05\/15\/zahtjev-parlamentu-uvesti-trajni-moratorijum-na-izgradnju-malih-hidroelektrana\/\">Zahtjev za moratorijumom<\/a> predat je nedavno Skup\u0161tini Crne Gore.<\/p>\n","protected":false},"excerpt":{"rendered":"<p>Svi ugovori o koncesijama za izgradnju malih hidroelektrana u Crnoj Gori koji su zaklju\u010deni do 2016. godine mogu biti raskinuti zbog kr\u0161enja Zakona o koncesijama, kazala je izvr\u0161na direktorica nevladine organizacije Gren Home Nata\u0161a Kova\u010devi\u0107. Ona je za Vijesti rekla da su za 50 malih hidroelektrana potpisani ugovori bez plana davanja koncesija za kori\u0161\u0107enje vodotoka [&hellip;]<\/p>\n","protected":false},"author":1,"featured_media":0,"comment_status":"open","ping_status":"closed","sticky":false,"template":"","format":"standard","meta":{"_seopress_robots_primary_cat":"","_seopress_titles_title":"","_seopress_titles_desc":"","_seopress_robots_index":"","_et_pb_use_builder":"","_et_pb_old_content":"","_et_gb_content_width":"","inline_featured_image":false,"footnotes":""},"categories":[14,12],"tags":[],"class_list":["post-266858","post","type-post","status-publish","format-standard","hentry","category-vijesti","category-prica-dana"],"_links":{"self":[{"href":"https:\/\/www.pcnen.com\/portal\/wp-json\/wp\/v2\/posts\/266858","targetHints":{"allow":["GET"]}}],"collection":[{"href":"https:\/\/www.pcnen.com\/portal\/wp-json\/wp\/v2\/posts"}],"about":[{"href":"https:\/\/www.pcnen.com\/portal\/wp-json\/wp\/v2\/types\/post"}],"author":[{"embeddable":true,"href":"https:\/\/www.pcnen.com\/portal\/wp-json\/wp\/v2\/users\/1"}],"replies":[{"embeddable":true,"href":"https:\/\/www.pcnen.com\/portal\/wp-json\/wp\/v2\/comments?post=266858"}],"version-history":[{"count":0,"href":"https:\/\/www.pcnen.com\/portal\/wp-json\/wp\/v2\/posts\/266858\/revisions"}],"wp:attachment":[{"href":"https:\/\/www.pcnen.com\/portal\/wp-json\/wp\/v2\/media?parent=266858"}],"wp:term":[{"taxonomy":"category","embeddable":true,"href":"https:\/\/www.pcnen.com\/portal\/wp-json\/wp\/v2\/categories?post=266858"},{"taxonomy":"post_tag","embeddable":true,"href":"https:\/\/www.pcnen.com\/portal\/wp-json\/wp\/v2\/tags?post=266858"}],"curies":[{"name":"wp","href":"https:\/\/api.w.org\/{rel}","templated":true}]}}