{"id":266831,"date":"2019-05-26T21:16:17","date_gmt":"2019-05-26T19:16:17","guid":{"rendered":"http:\/\/www.pcnen.com\/portal\/?p=266831"},"modified":"2019-05-26T21:16:17","modified_gmt":"2019-05-26T19:16:17","slug":"povremeno-kisovito-2","status":"publish","type":"post","link":"https:\/\/www.pcnen.com\/portal\/2019\/05\/26\/povremeno-kisovito-2\/","title":{"rendered":"Povremeno ki\u0161ovito"},"content":{"rendered":"<p><img loading=\"lazy\" decoding=\"async\" class=\" wp-image-239767 alignleft\" src=\"http:\/\/www.pcnen.com\/portal\/wp-content\/uploads\/2018\/01\/kisne_kapi-300x233.jpg\" alt=\"\" width=\"254\" height=\"197\" \/>U ponedjeljak \u0107e u Crnoj Gori povremeno padati ki\u0161a, mjestimi\u010dno u obliku pljuskova, propra\u0107enih grmljavinom-<\/p>\n<p>Vjetar ju\u017eni i isto\u010dni bi\u0107e mjestimi\u010dno i povremeno umjeren do poja\u010dan, a poj\u010dava\u0107e tokom no\u0107i.<\/p>\n<p>Jutarnja temperatura vazduha bi\u0107e u rasponu od 8 do 18, a najvi\u0161a dnevna od 14 do 24 stepena.<\/p>\n<p>U Podgorici \u0107e biti promjenljivo do prete\u017eno obla\u010dno; ki\u0161a \u0107e povremeno padati ili plju\u0161tati uz munje i gromove. Promjenljiv vjetar bi\u0107e slab do umjeren. Nave\u010de \u0107e poja\u010dano duvati s juga i jugoistoka. Jutarnja temperatura vazduha bi\u0107e oko 17, a najvi\u0161a dnevna do 24 stepena.<\/p>\n<p><a href=\"http:\/\/www.meteo.co.me\/misc.php?text=121&amp;sektor=1&amp;grad=HER\" target=\"_blank\" rel=\"noopener\">Prognoza za ostale gradove.<\/a><\/p>\n","protected":false},"excerpt":{"rendered":"<p>Vjetar \u0107e poja\u010davati tokom no\u0107i<\/p>\n","protected":false},"author":1,"featured_media":0,"comment_status":"open","ping_status":"closed","sticky":false,"template":"","format":"standard","meta":{"_seopress_robots_primary_cat":"","_seopress_titles_title":"","_seopress_titles_desc":"","_seopress_robots_index":"","_et_pb_use_builder":"","_et_pb_old_content":"","_et_gb_content_width":"","inline_featured_image":false,"footnotes":""},"categories":[14,12],"tags":[],"class_list":["post-266831","post","type-post","status-publish","format-standard","hentry","category-vijesti","category-prica-dana"],"_links":{"self":[{"href":"https:\/\/www.pcnen.com\/portal\/wp-json\/wp\/v2\/posts\/266831","targetHints":{"allow":["GET"]}}],"collection":[{"href":"https:\/\/www.pcnen.com\/portal\/wp-json\/wp\/v2\/posts"}],"about":[{"href":"https:\/\/www.pcnen.com\/portal\/wp-json\/wp\/v2\/types\/post"}],"author":[{"embeddable":true,"href":"https:\/\/www.pcnen.com\/portal\/wp-json\/wp\/v2\/users\/1"}],"replies":[{"embeddable":true,"href":"https:\/\/www.pcnen.com\/portal\/wp-json\/wp\/v2\/comments?post=266831"}],"version-history":[{"count":0,"href":"https:\/\/www.pcnen.com\/portal\/wp-json\/wp\/v2\/posts\/266831\/revisions"}],"wp:attachment":[{"href":"https:\/\/www.pcnen.com\/portal\/wp-json\/wp\/v2\/media?parent=266831"}],"wp:term":[{"taxonomy":"category","embeddable":true,"href":"https:\/\/www.pcnen.com\/portal\/wp-json\/wp\/v2\/categories?post=266831"},{"taxonomy":"post_tag","embeddable":true,"href":"https:\/\/www.pcnen.com\/portal\/wp-json\/wp\/v2\/tags?post=266831"}],"curies":[{"name":"wp","href":"https:\/\/api.w.org\/{rel}","templated":true}]}}