{"id":266798,"date":"2019-05-27T09:04:51","date_gmt":"2019-05-27T07:04:51","guid":{"rendered":"http:\/\/www.pcnen.com\/portal\/?p=266798"},"modified":"2019-05-27T09:42:22","modified_gmt":"2019-05-27T07:42:22","slug":"hra-ni-poslije-15-godina-nema-odgovora-na-kljucna-pitanja-u-vezi-ubistva-duska-jovanovica","status":"publish","type":"post","link":"https:\/\/www.pcnen.com\/portal\/2019\/05\/27\/hra-ni-poslije-15-godina-nema-odgovora-na-kljucna-pitanja-u-vezi-ubistva-duska-jovanovica\/","title":{"rendered":"Ni poslije 15 godina nema odgovora na klju\u010dna pitanja u vezi ubistva Du\u0161ka Jovanovi\u0107a"},"content":{"rendered":"<p><img loading=\"lazy\" decoding=\"async\" class=\"alignright size-medium wp-image-134825\" src=\"http:\/\/www.pcnen.com\/portal\/wp-content\/uploads\/2014\/01\/Dusko_Jovanovic-300x200.jpg\" alt=\"\" width=\"300\" height=\"200\" \/>Povodom 15. godi\u0161njice ubistva Du\u0161ka Jovanovi\u0107a, suvlasnika i glavnog urednika podgori\u010dkog dnevnika Dan, Akcija za ljudska prava (HRA) je, sa \u017ealjenjem, konstatovala da je i dalje bez odgovora pitanja: \u201cKo je sve u\u010destvovao u izvr\u0161enju ubistva, ko ga je i za\u0161to naru\u010dio i ko je odgovoran za to \u0161to do danas istraga nije dovela do ozbiljnijih rezultata?\u201c.<\/p>\n<p>\u201cSamo je jedna osoba, Damir Mandi\u0107, okrivljen i pravosna\u017eno osu\u0111en kao saizvr\u0161ilac i to poslije maratonskog jedanaestogodi\u0161njeg procesa u kome je su\u0111enje tri puta ponavljano. Uprkos nedovoljnim rezultatima istrage i primjedbama na propuste, vo\u0111enje dosada\u0161nje istrage od strane dr\u017eavnog tu\u017eila\u0161tva nije temeljno preispitano. \u010cinjenica da se ubistvo osniva\u010da i glavnog i odgovornog urednika medija koji je bio izrazito kriti\u010dno nastrojen prema vlasti uop\u0161te dogodilo, i da do danas nije rasvijetljeno, u kontinuitetu ugro\u017eava slobodu izra\u017eavanja i vladavinu prava u Crnoj Gori\u201c, navodi se u javnom reagovanju HRA.<\/p>\n<p>Du\u0161ko Jovanovi\u0107 je ubijen 27. maja ispred redakcije dnevnika Dan.<\/p>\n<p>Centar za gra\u0111ansko obrazovanje (CGO) je izrazio zabrinutost &#8220;\u0161to ovaj gnusni zlo\u010din jo\u0161 uvijek nije u cjelosti rasvijetljen&#8221;.<\/p>\n<p>&#8220;Od ubistva Du\u0161ka Jovanovi\u0107a do danas, zabilje\u017eeno je 85 napada na novinare i imovinu medija, pri \u010demu je ve\u0107ina tih slu\u010dajeva ostala nerasvijetljena ili bez adekvatnog pravosudnog ishoda \u0161to predstavlja ozbiljno ograni\u010denje za slobodu medija i rad novinara u Crnoj Gori. Na \u017ealost, nadle\u017ene institucije koje su du\u017ene da \u0161tite slobodu medija i procesuiraju svako ugro\u017eavanje ili poku\u0161aj ugro\u017eavanja rada novinara ovim su pokazale da im to nije u fokusu rada. Novinari su i dalje \u017eive pokretne mete, i to se konstatuje u svim relevantnim me\u0111unarodnim izvje\u0161tajima za Crnu Goru&#8221;, navodi se u javnom saop\u0161tenju CGO.<\/p>\n<p>HRA podsje\u0107a na to da njen izvje\u0161taj od prije tri godine (<a href=\"http:\/\/www.hraction.org\/wp-content\/uploads\/Izvjestaj.pdf\" target=\"_blank\" rel=\"noopener\">\u201cNerasvijetljeno ubistvo direktora i glavnog urednika dnevnog lista Dan Du\u0161ka Jovanovi\u0107a \u2013 pitanja bez odgovora\u201d<\/a>), koji je dostavljen Ministarstvu unutra\u0161njih poslova, Upravi policije i Vrhovnom dr\u017eavnom tu\u017eila\u0161tvu, \u201cukazuje na to da istraga ubistva nije temeljno sprovedena, odnosno, da javnosti nisu poznati odgovori na neka od najva\u017enijih pitanja, koja su, primjerice, dovela do otkrivanja ubica novinara Slavka \u0106uruvije u Srbiji. Postavili smo pitanja &#8211; da li je adekvatno istra\u017eeno ko je sve prijetio Jovanovi\u0107u, \u0161ta su dr\u017eavni organi preduzeli da ga za\u0161tite, da li je Slu\u017eba dr\u017eavne bezbjednosti, na \u010dijem \u010delu se nalazio dana\u0161nji premijer Du\u0161ko Markovi\u0107, vodila Jovanovi\u0107ev dosije i da li ga je pratila, na koja javnost do danas ne zna odgovor\u201c.<\/p>\n<p>HRA je pozdravila odluku Komisije za pra\u0107enje istraga napada na novinare da se anga\u017euje inostrani stru\u010dnjak za istragu atentata, koji bi nepristrasno sagledao \u0161ta je sve preduzeto u istrazi ubistva Jovanovi\u0107a i dao preporuke za njeno dalje vo\u0111enje, ali i konstatovala da, iz nepoznatih razloga, Vlada do danas nije dala komentar na ovaj prijedlog Komisije.<\/p>\n<p>\u201cO\u010dekujemo da se odgovor da bar u povodu godi\u0161njice Jovanovi\u0107evog ubistva\u201c, stav je HRA, koja apeluje na Vladu \u201cda hitno anga\u017euje inostranog eksperta u cilju objektivnog i, posebno, stru\u010dnog sagledavanja toka i rezultata dosada\u0161nje istrage ubistva Du\u0161ka Jovanovi\u0107a\u201c. \u201cTakva analiza bi pomogla i rad Komisije za pra\u0107enje istraga napada na novinare i bila u op\u0161tem interesu sprovo\u0111enja pravde i obezbije\u0111enja vladavine prava u Crnoj Gori\u201c.<\/p>\n<p>CGO podsje\u0107a i na pro\u0161logodi\u0161ni &#8220;gnusni napad na novinarku Oliveru Laki\u0107&#8221; i zaklju\u010duje da &#8220;nema funkcionalne vladavine prava bez razrje\u0161avanja slu\u010daja napada na novinare&#8221;. &#8220;Snaga dr\u017eave se demonstrira profesionalnim djelovanjem institucija koje moraju biti strah za one koji misle da nasiljem mogu biti ve\u0107i od zakona i dr\u017eave, a ne obrnutno&#8221;.<\/p>\n","protected":false},"excerpt":{"rendered":"<p>HRA apeluje na Vladu \u201cda hitno anga\u017euje inostranog eksperta u cilju objektivnog i, posebno, stru\u010dnog sagledavanja toka i rezultata dosada\u0161nje istrage ubistva&#8221;<\/p>\n","protected":false},"author":1,"featured_media":0,"comment_status":"open","ping_status":"closed","sticky":false,"template":"","format":"standard","meta":{"_seopress_robots_primary_cat":"","_seopress_titles_title":"","_seopress_titles_desc":"","_seopress_robots_index":"","_et_pb_use_builder":"","_et_pb_old_content":"","_et_gb_content_width":"","inline_featured_image":false,"footnotes":""},"categories":[14,12],"tags":[],"class_list":["post-266798","post","type-post","status-publish","format-standard","hentry","category-vijesti","category-prica-dana"],"_links":{"self":[{"href":"https:\/\/www.pcnen.com\/portal\/wp-json\/wp\/v2\/posts\/266798","targetHints":{"allow":["GET"]}}],"collection":[{"href":"https:\/\/www.pcnen.com\/portal\/wp-json\/wp\/v2\/posts"}],"about":[{"href":"https:\/\/www.pcnen.com\/portal\/wp-json\/wp\/v2\/types\/post"}],"author":[{"embeddable":true,"href":"https:\/\/www.pcnen.com\/portal\/wp-json\/wp\/v2\/users\/1"}],"replies":[{"embeddable":true,"href":"https:\/\/www.pcnen.com\/portal\/wp-json\/wp\/v2\/comments?post=266798"}],"version-history":[{"count":0,"href":"https:\/\/www.pcnen.com\/portal\/wp-json\/wp\/v2\/posts\/266798\/revisions"}],"wp:attachment":[{"href":"https:\/\/www.pcnen.com\/portal\/wp-json\/wp\/v2\/media?parent=266798"}],"wp:term":[{"taxonomy":"category","embeddable":true,"href":"https:\/\/www.pcnen.com\/portal\/wp-json\/wp\/v2\/categories?post=266798"},{"taxonomy":"post_tag","embeddable":true,"href":"https:\/\/www.pcnen.com\/portal\/wp-json\/wp\/v2\/tags?post=266798"}],"curies":[{"name":"wp","href":"https:\/\/api.w.org\/{rel}","templated":true}]}}