{"id":266741,"date":"2019-05-25T12:18:38","date_gmt":"2019-05-25T10:18:38","guid":{"rendered":"http:\/\/www.pcnen.com\/portal\/?p=266741"},"modified":"2019-05-25T12:18:57","modified_gmt":"2019-05-25T10:18:57","slug":"vlada-priznala-da-je-zakidala-na-minimalcu","status":"publish","type":"post","link":"https:\/\/www.pcnen.com\/portal\/2019\/05\/25\/vlada-priznala-da-je-zakidala-na-minimalcu\/","title":{"rendered":"Vlada priznala da je zakidala na minimalcu"},"content":{"rendered":"<p><img loading=\"lazy\" decoding=\"async\" class=\"alignright size-medium wp-image-266742\" src=\"http:\/\/www.pcnen.com\/portal\/wp-content\/uploads\/2019\/05\/novac-rezanje-300x201.jpg\" alt=\"\" width=\"300\" height=\"201\" \/>Vlada je u \u010detvrtak usvojila odluku o pove\u0107anju minimalca na 222 eura i time priznala ono \u0161to su sindikati tvrdili godinama \u00a0&#8211; da se minimalna zarada mora uskla\u0111ivati na svakih \u0161est mjeseci, na osnovu rasta drugih parametara, \u0161to Vlada nije radila od 2013. godine, <a href=\"https:\/\/www.vijesti.me\/vijesti\/ekonomija\/vlada-sest-godina-zakidala-na-minimalcu\">pi\u0161u Vijesti.<\/a><\/p>\n<p>Time su zakinuti radnici koji su bili osigurani na minimalnu zaradu.<\/p>\n<p>Unija slobodnih sindikata je prije tri godine tra\u017eila pove\u0107anje minimalne zarade na polovinu prosje\u010dne, a tada je kampanju o pove\u0107anju minimalne zarade pokrenula i Socijaldemokratska partija putem peticije i zvani\u010dnih zahtjeva parlamentu za izmjenu zakona, ali je vladaju\u0107a ve\u0107ina odbijali da to uvrsti u dnevni red i raspravlja o toj temi.<\/p>\n","protected":false},"excerpt":{"rendered":"<p>Unija slobodnih sindikata je prije tri godine tra\u017eila pove\u0107anje minimalne zarade na polovinu prosje\u010dne<\/p>\n","protected":false},"author":1,"featured_media":0,"comment_status":"open","ping_status":"closed","sticky":false,"template":"","format":"standard","meta":{"_seopress_robots_primary_cat":"","_seopress_titles_title":"","_seopress_titles_desc":"","_seopress_robots_index":"","_et_pb_use_builder":"","_et_pb_old_content":"","_et_gb_content_width":"","inline_featured_image":false,"footnotes":""},"categories":[14,12],"tags":[],"class_list":["post-266741","post","type-post","status-publish","format-standard","hentry","category-vijesti","category-prica-dana"],"_links":{"self":[{"href":"https:\/\/www.pcnen.com\/portal\/wp-json\/wp\/v2\/posts\/266741","targetHints":{"allow":["GET"]}}],"collection":[{"href":"https:\/\/www.pcnen.com\/portal\/wp-json\/wp\/v2\/posts"}],"about":[{"href":"https:\/\/www.pcnen.com\/portal\/wp-json\/wp\/v2\/types\/post"}],"author":[{"embeddable":true,"href":"https:\/\/www.pcnen.com\/portal\/wp-json\/wp\/v2\/users\/1"}],"replies":[{"embeddable":true,"href":"https:\/\/www.pcnen.com\/portal\/wp-json\/wp\/v2\/comments?post=266741"}],"version-history":[{"count":0,"href":"https:\/\/www.pcnen.com\/portal\/wp-json\/wp\/v2\/posts\/266741\/revisions"}],"wp:attachment":[{"href":"https:\/\/www.pcnen.com\/portal\/wp-json\/wp\/v2\/media?parent=266741"}],"wp:term":[{"taxonomy":"category","embeddable":true,"href":"https:\/\/www.pcnen.com\/portal\/wp-json\/wp\/v2\/categories?post=266741"},{"taxonomy":"post_tag","embeddable":true,"href":"https:\/\/www.pcnen.com\/portal\/wp-json\/wp\/v2\/tags?post=266741"}],"curies":[{"name":"wp","href":"https:\/\/api.w.org\/{rel}","templated":true}]}}