{"id":266736,"date":"2019-05-25T11:34:11","date_gmt":"2019-05-25T09:34:11","guid":{"rendered":"http:\/\/www.pcnen.com\/portal\/?p=266736"},"modified":"2019-05-25T11:34:11","modified_gmt":"2019-05-25T09:34:11","slug":"asanz-svi-ostali-moraju-zauzeti-moje-mjesto","status":"publish","type":"post","link":"https:\/\/www.pcnen.com\/portal\/2019\/05\/25\/asanz-svi-ostali-moraju-zauzeti-moje-mjesto\/","title":{"rendered":"Asan\u017e: Svi ostali moraju zauzeti moje mjesto"},"content":{"rendered":"<p>Osniva\u010d Vikiliksa D\u017eulijan Asan\u017e \u00a0je u pismu, pisanom rukom, poru\u010dio da mu je uskrac\u0301ena \u0161ansa da se brani i da elementi u SAD koji &#8220;mrze istinu, slobodu i pravdu&#8221; \u017eele da on bude izru\u010den i mrtav.<\/p>\n<p>Pismo je poslato <a href=\"http:\/\/www.pcnen.com\/portal\/2019\/05\/01\/london-asanz-osuden-na-50-sedmica-zatvora\/\">iz zatvora Belmar\u0161<\/a> nezavisnom britanskom novinaru Gordonu Dimaku a datirano je 13. maja &#8211; deset dana prije nego \u0161to su SAD objavile 17 dodatnih optu\u017ebi po Zakonu o \u0161pijuna\u017ei protiv Asan\u017ea.<\/p>\n<p>Dimak je pro\u010ditao pismo na svom You Tube kanalu.<\/p>\n<p><iframe loading=\"lazy\" title=\"I received a letter from Julian Assange\" width=\"1080\" height=\"608\" src=\"https:\/\/www.youtube.com\/embed\/Es6OT4VsQAo?feature=oembed\" frameborder=\"0\" allow=\"accelerometer; autoplay; clipboard-write; encrypted-media; gyroscope; picture-in-picture; web-share\" allowfullscreen><\/iframe><\/p>\n<p>\u201cIzolovan sam od svih mogu\u0107nosti da se pripremim za odbranu: nema laptop, internet, ni kompjuter, ni biblioteku, ali \u010dak i ako dobijem pristup, bic\u0301e samo pola sata, sa svima ostalima, jednom sedmi\u010dno\u201c, napisao je Asan\u017e.<\/p>\n<p>\u201cDruga strana? Supersila koja se priprema vec\u0301 devet godina, sa stotinama ljudi i nebrojenim milionima koji su potro\u0161eni na ovaj slu\u010daj\u201c, dodaje on.<\/p>\n<p>\u201cJa nisam slomljen, iako sam bukvalno okru\u017een ubicama, ali dani dok ne budem mogao da \u010ditam i govorim i organizujem svoju odbranu, moji ideali i moji ljudi su gotovi dok ne budem slobodan! Svi ostali moraju da zauzmu moje mjesto\u201c, napisao je Asan\u017e.<\/p>\n<p>\u201cVlada SAD, ili bolje re\u010deno, u njoj \u017ealosni elementi koji mrze istinu, slobodu i pravdu, \u017eele prije moju ekstradiciju i smrt, umjesto da puste javnost da \u010duje istinu, za koju sam dobio najvi\u0161e nagrade i nominovan sedam puta za Nobelovu nagradu za mir\u201c, napisao je Asan\u017e.<\/p>\n","protected":false},"excerpt":{"rendered":"<p>\u201cJa nisam slomljen, iako sam bukvalno okru\u017een ubicama&#8230;&#8221;<\/p>\n","protected":false},"author":1,"featured_media":0,"comment_status":"open","ping_status":"closed","sticky":false,"template":"","format":"standard","meta":{"_seopress_robots_primary_cat":"","_seopress_titles_title":"","_seopress_titles_desc":"","_seopress_robots_index":"","_et_pb_use_builder":"","_et_pb_old_content":"","_et_gb_content_width":"","inline_featured_image":false,"footnotes":""},"categories":[14,12],"tags":[],"class_list":["post-266736","post","type-post","status-publish","format-standard","hentry","category-vijesti","category-prica-dana"],"_links":{"self":[{"href":"https:\/\/www.pcnen.com\/portal\/wp-json\/wp\/v2\/posts\/266736","targetHints":{"allow":["GET"]}}],"collection":[{"href":"https:\/\/www.pcnen.com\/portal\/wp-json\/wp\/v2\/posts"}],"about":[{"href":"https:\/\/www.pcnen.com\/portal\/wp-json\/wp\/v2\/types\/post"}],"author":[{"embeddable":true,"href":"https:\/\/www.pcnen.com\/portal\/wp-json\/wp\/v2\/users\/1"}],"replies":[{"embeddable":true,"href":"https:\/\/www.pcnen.com\/portal\/wp-json\/wp\/v2\/comments?post=266736"}],"version-history":[{"count":0,"href":"https:\/\/www.pcnen.com\/portal\/wp-json\/wp\/v2\/posts\/266736\/revisions"}],"wp:attachment":[{"href":"https:\/\/www.pcnen.com\/portal\/wp-json\/wp\/v2\/media?parent=266736"}],"wp:term":[{"taxonomy":"category","embeddable":true,"href":"https:\/\/www.pcnen.com\/portal\/wp-json\/wp\/v2\/categories?post=266736"},{"taxonomy":"post_tag","embeddable":true,"href":"https:\/\/www.pcnen.com\/portal\/wp-json\/wp\/v2\/tags?post=266736"}],"curies":[{"name":"wp","href":"https:\/\/api.w.org\/{rel}","templated":true}]}}