{"id":266728,"date":"2019-06-17T05:31:53","date_gmt":"2019-06-17T03:31:53","guid":{"rendered":"http:\/\/www.pcnen.com\/portal\/?p=266728"},"modified":"2019-06-17T06:29:29","modified_gmt":"2019-06-17T04:29:29","slug":"mediji-su-duzni-da-sprijece-zloupotrebu-fotografije-i-da-je-stave-u-ispravan-kontekst","status":"publish","type":"post","link":"https:\/\/www.pcnen.com\/portal\/2019\/06\/17\/mediji-su-duzni-da-sprijece-zloupotrebu-fotografije-i-da-je-stave-u-ispravan-kontekst\/","title":{"rendered":"Mediji su du\u017eni da sprije\u010de zloupotrebu fotografije i da je stave u ispravan kontekst"},"content":{"rendered":"<p>U okviru projekta \u00bbRespekt &#8211; Za podizanje eti\u010dkih standarda u medijima i povjerenja gra\u0111ana u eti\u010dke medije\u00ab, Institut za medije Crne Gore, sa svojim partnerima Mirovnim Institutom iz Ljubljane i Mre\u017eom za eti\u010dko novinarstvo iz Londona, a uz podr\u0161ku Evropske Unije, je ralizovao video kampanju koja promovi\u0161e eti\u010dka na\u010dela Kodeksa novinara\/novinarki Crne Gore.<br \/>\nOvaj video spot se odnosi na Na\u010delo 2.<br \/>\n&#8221;Za novinara\/novinarku su \u010dinjenice neprikosnovene, a njegova\/<br \/>\nnjena obaveza je da ih stavlja u pravilan kontekst i onemogu\u0107i njihovu zloupotrebu, bilo da se radi o tekstu, slici ili tonu.<br \/>\nGlasine i pretpostavke moraju se nedvosmisleno nazna\u010diti kao takve.<br \/>\nVijest i komentar obavezno moraju da budu jasno razdvojeni.&#8221;<br \/>\nOvaj video -spot se konkretno odnosi na dio na\u010dela 2. koji se bavi kori\u0161tenjem fotografije.<br \/>\n2.3. Simboli\u010dke fotografije<br \/>\n(a) Ako neka ilustracija, naro\u010dito fotografja, na prosje\u010dnog \u010ditaoca mo\u017ee ostaviti utisak da se radi o autenti\u010dnom dokumentu uprkos \u010dinjenici da je u pitanju simboli\u010dka slika, to se mora pojasniti.<br \/>\nFotomonta\u017ea ili druge intervencije na autenti\u010dnim dokumentima moraju biti jasno ozna\u010dene kao takve u propratnom tekstu ili na drugi odgovaraju\u0107i na\u010din.<br \/>\n(b) Ako medij prilikom objavljivanja koristi rekonstruisane scene, takav postupak mora biti jasan publici i to mora biti nedvosmisleno ozna\u010deno glasom ili propratnim tekstom.<br \/>\n(c) Arhivski materijali na televiziji moraju biti jasno ozna\u010deni kao takvi, a tonski inserti koji se koriste iz arhive radija moraju biti glasom najavljeni kao takvi.<\/p>\n","protected":false},"excerpt":{"rendered":"<p>U okviru projekta \u00bbRespekt &#8211; Za podizanje eti\u010dkih standarda u medijima i povjerenja gra\u0111ana u eti\u010dke medije\u00ab, Institut za medije Crne Gore, sa svojim partnerima Mirovnim Institutom iz Ljubljane i Mre\u017eom za eti\u010dko novinarstvo iz Londona, a uz podr\u0161ku Evropske Unije, je ralizovao video kampanju koja promovi\u0161e eti\u010dka na\u010dela Kodeksa novinara\/novinarki Crne Gore. Ovaj video [&hellip;]<\/p>\n","protected":false},"author":1,"featured_media":179985,"comment_status":"open","ping_status":"closed","sticky":false,"template":"","format":"standard","meta":{"_seopress_robots_primary_cat":"","_seopress_titles_title":"","_seopress_titles_desc":"","_seopress_robots_index":"","_et_pb_use_builder":"","_et_pb_old_content":"","_et_gb_content_width":"","inline_featured_image":false,"footnotes":""},"categories":[13],"tags":[],"class_list":["post-266728","post","type-post","status-publish","format-standard","has-post-thumbnail","hentry","category-video"],"_links":{"self":[{"href":"https:\/\/www.pcnen.com\/portal\/wp-json\/wp\/v2\/posts\/266728","targetHints":{"allow":["GET"]}}],"collection":[{"href":"https:\/\/www.pcnen.com\/portal\/wp-json\/wp\/v2\/posts"}],"about":[{"href":"https:\/\/www.pcnen.com\/portal\/wp-json\/wp\/v2\/types\/post"}],"author":[{"embeddable":true,"href":"https:\/\/www.pcnen.com\/portal\/wp-json\/wp\/v2\/users\/1"}],"replies":[{"embeddable":true,"href":"https:\/\/www.pcnen.com\/portal\/wp-json\/wp\/v2\/comments?post=266728"}],"version-history":[{"count":0,"href":"https:\/\/www.pcnen.com\/portal\/wp-json\/wp\/v2\/posts\/266728\/revisions"}],"wp:featuredmedia":[{"embeddable":true,"href":"https:\/\/www.pcnen.com\/portal\/wp-json\/wp\/v2\/media\/179985"}],"wp:attachment":[{"href":"https:\/\/www.pcnen.com\/portal\/wp-json\/wp\/v2\/media?parent=266728"}],"wp:term":[{"taxonomy":"category","embeddable":true,"href":"https:\/\/www.pcnen.com\/portal\/wp-json\/wp\/v2\/categories?post=266728"},{"taxonomy":"post_tag","embeddable":true,"href":"https:\/\/www.pcnen.com\/portal\/wp-json\/wp\/v2\/tags?post=266728"}],"curies":[{"name":"wp","href":"https:\/\/api.w.org\/{rel}","templated":true}]}}