{"id":266702,"date":"2019-05-24T19:10:29","date_gmt":"2019-05-24T17:10:29","guid":{"rendered":"http:\/\/www.pcnen.com\/portal\/?p=266702"},"modified":"2019-05-24T19:18:24","modified_gmt":"2019-05-24T17:18:24","slug":"duzi-suncani-periodi-8","status":"publish","type":"post","link":"https:\/\/www.pcnen.com\/portal\/2019\/05\/24\/duzi-suncani-periodi-8\/","title":{"rendered":"Du\u017ei sun\u010dani periodi"},"content":{"rendered":"<p><img loading=\"lazy\" decoding=\"async\" class=\"size-medium wp-image-245005 alignleft\" src=\"http:\/\/www.pcnen.com\/portal\/wp-content\/uploads\/2018\/04\/skolica-300x195.jpg\" alt=\"\" width=\"300\" height=\"195\" \/>U subotu \u0107e u Crnoj Gori biti promjenljivo obla\u010dno sa du\u017eim sun\u010danim periodima. Metereolozi najavljuju i rijetke, kratkotrajne nestabilnosti.<\/p>\n<p>Na sjeveru, po kotlinama, mjestimi\u010dno mogu\u0107a jutarnja magla.<\/p>\n<p>Promjenljiv vjetar bi\u0107e slab do umjeren.<\/p>\n<p>Jutarnja temperatura vazduha bi\u0107e u rasponu od 4 do 15, a najvi\u0161a dnevna od 15 do 26 stepeni.<\/p>\n<p>U Podgorici \u0107e biti promjenljivo obla\u010dno sa du\u017eim sun\u010danim intervalima i uglavnom suvo. Vjetar \u0107e biti promjenljiv i slab do umjeren. Jutarnja temperatura vazduha bi\u0107e oko 14, a najvi\u0161a dnevna oko 25 stepeni.<\/p>\n<p><a href=\"http:\/\/www.meteo.co.me\/misc.php?text=121&amp;sektor=1&amp;grad=ULC\">Prognoza za ostale gradove.<\/a><\/p>\n","protected":false},"excerpt":{"rendered":"<p>Metereolozi najavljuju i rijetke, kratkotrajne nestabilnosti<\/p>\n","protected":false},"author":1,"featured_media":245005,"comment_status":"open","ping_status":"closed","sticky":false,"template":"","format":"standard","meta":{"_seopress_robots_primary_cat":"","_seopress_titles_title":"","_seopress_titles_desc":"","_seopress_robots_index":"","_et_pb_use_builder":"","_et_pb_old_content":"","_et_gb_content_width":"","inline_featured_image":false,"footnotes":""},"categories":[14,12],"tags":[],"class_list":["post-266702","post","type-post","status-publish","format-standard","has-post-thumbnail","hentry","category-vijesti","category-prica-dana"],"_links":{"self":[{"href":"https:\/\/www.pcnen.com\/portal\/wp-json\/wp\/v2\/posts\/266702","targetHints":{"allow":["GET"]}}],"collection":[{"href":"https:\/\/www.pcnen.com\/portal\/wp-json\/wp\/v2\/posts"}],"about":[{"href":"https:\/\/www.pcnen.com\/portal\/wp-json\/wp\/v2\/types\/post"}],"author":[{"embeddable":true,"href":"https:\/\/www.pcnen.com\/portal\/wp-json\/wp\/v2\/users\/1"}],"replies":[{"embeddable":true,"href":"https:\/\/www.pcnen.com\/portal\/wp-json\/wp\/v2\/comments?post=266702"}],"version-history":[{"count":0,"href":"https:\/\/www.pcnen.com\/portal\/wp-json\/wp\/v2\/posts\/266702\/revisions"}],"wp:featuredmedia":[{"embeddable":true,"href":"https:\/\/www.pcnen.com\/portal\/wp-json\/wp\/v2\/media\/245005"}],"wp:attachment":[{"href":"https:\/\/www.pcnen.com\/portal\/wp-json\/wp\/v2\/media?parent=266702"}],"wp:term":[{"taxonomy":"category","embeddable":true,"href":"https:\/\/www.pcnen.com\/portal\/wp-json\/wp\/v2\/categories?post=266702"},{"taxonomy":"post_tag","embeddable":true,"href":"https:\/\/www.pcnen.com\/portal\/wp-json\/wp\/v2\/tags?post=266702"}],"curies":[{"name":"wp","href":"https:\/\/api.w.org\/{rel}","templated":true}]}}