{"id":266664,"date":"2019-05-24T07:06:45","date_gmt":"2019-05-24T05:06:45","guid":{"rendered":"http:\/\/www.pcnen.com\/portal\/?p=266664"},"modified":"2019-05-24T07:06:45","modified_gmt":"2019-05-24T05:06:45","slug":"sad-izdale-novu-optuznicu-protiv-asanza","status":"publish","type":"post","link":"https:\/\/www.pcnen.com\/portal\/2019\/05\/24\/sad-izdale-novu-optuznicu-protiv-asanza\/","title":{"rendered":"SAD izdale novu optu\u017enicu protiv Asan\u017ea"},"content":{"rendered":"<p><img loading=\"lazy\" decoding=\"async\" class=\"alignright size-medium wp-image-265293\" src=\"http:\/\/www.pcnen.com\/portal\/wp-content\/uploads\/2019\/05\/asandz-300x205.jpg\" alt=\"\" width=\"300\" height=\"205\" \/>SAD su izdale novu optu\u017enicu protiv sniva\u010da Vikiliksa D\u017eulijana Asan\u017ea (47) kojom ga terete da ih je doveo u ozbiljnu opasnost objavljivanjem strogo povjerljivih dokumenata.<\/p>\n<p>Kako je prenio AP, u novoj optu\u017enici se, izme\u0111u ostalog, navodi da je Asan\u017e kovao zavjeru sa biv\u0161om obavje\u0161tajnom analiti\u010darkom ameri\u010dke vojske \u010celsi Mening u poku\u0161aju da pristupi povjerljivim informacijama, me\u0111u kojima su i izvje\u0161taji Stejt depatmenta o ratovima u Iraku i Avganistanu.<\/p>\n<p>&#8220;Ameri\u010dko ministarstvo pravde je objavilo rat, ne Vikiliksu, nego samom novinarstvu. Ovdje se vi\u0161e ne radi o D\u017eulijanu Asan\u017eu. Ovaj slu\u010daj c\u0301e odrediti buduc\u0301nost medija&#8221;, napisao je na Tviteru Edvard Snouden.<\/p>\n<p>&#8220;Ovo je bezumlje. Ovo je kraj novinarstva koje se bavi temama nacionalne bezbjednosti i prvog amandmana&#8221;, saop\u0161teno je preko Tviter naloga Vikiliksa.<\/p>\n<p>Asan\u017e je trenutno <a href=\"http:\/\/www.pcnen.com\/portal\/2019\/05\/01\/london-asanz-osuden-na-50-sedmica-zatvora\/\">u zatvoru u Londonu<\/a> nakon \u0161to mu je Ekvador ukinuo azil i tako onemogu\u0107io dalji boravak u zgradi ambasade Ekvadora u Velikoj Britaniji.<\/p>\n<p>SAD tra\u017ee izru\u010denje D\u017eulijana Asan\u017ea.<\/p>\n","protected":false},"excerpt":{"rendered":"<p>&#8220;Ovo je bezumlje. Ovo je kraj novinarstva koje se bavi temama nacionalne bezbjednosti i prvog amandmana&#8221;, saop\u0161teno je preko Tviter naloga Vikiliksa<\/p>\n","protected":false},"author":1,"featured_media":0,"comment_status":"open","ping_status":"closed","sticky":false,"template":"","format":"standard","meta":{"_seopress_robots_primary_cat":"","_seopress_titles_title":"","_seopress_titles_desc":"","_seopress_robots_index":"","_et_pb_use_builder":"","_et_pb_old_content":"","_et_gb_content_width":"","inline_featured_image":false,"footnotes":""},"categories":[14,12],"tags":[],"class_list":["post-266664","post","type-post","status-publish","format-standard","hentry","category-vijesti","category-prica-dana"],"_links":{"self":[{"href":"https:\/\/www.pcnen.com\/portal\/wp-json\/wp\/v2\/posts\/266664","targetHints":{"allow":["GET"]}}],"collection":[{"href":"https:\/\/www.pcnen.com\/portal\/wp-json\/wp\/v2\/posts"}],"about":[{"href":"https:\/\/www.pcnen.com\/portal\/wp-json\/wp\/v2\/types\/post"}],"author":[{"embeddable":true,"href":"https:\/\/www.pcnen.com\/portal\/wp-json\/wp\/v2\/users\/1"}],"replies":[{"embeddable":true,"href":"https:\/\/www.pcnen.com\/portal\/wp-json\/wp\/v2\/comments?post=266664"}],"version-history":[{"count":0,"href":"https:\/\/www.pcnen.com\/portal\/wp-json\/wp\/v2\/posts\/266664\/revisions"}],"wp:attachment":[{"href":"https:\/\/www.pcnen.com\/portal\/wp-json\/wp\/v2\/media?parent=266664"}],"wp:term":[{"taxonomy":"category","embeddable":true,"href":"https:\/\/www.pcnen.com\/portal\/wp-json\/wp\/v2\/categories?post=266664"},{"taxonomy":"post_tag","embeddable":true,"href":"https:\/\/www.pcnen.com\/portal\/wp-json\/wp\/v2\/tags?post=266664"}],"curies":[{"name":"wp","href":"https:\/\/api.w.org\/{rel}","templated":true}]}}