{"id":266650,"date":"2019-05-23T20:48:08","date_gmt":"2019-05-23T18:48:08","guid":{"rendered":"http:\/\/www.pcnen.com\/portal\/?p=266650"},"modified":"2019-05-23T20:48:08","modified_gmt":"2019-05-23T18:48:08","slug":"kisa-mjestimicno-od-sredine-dana","status":"publish","type":"post","link":"https:\/\/www.pcnen.com\/portal\/2019\/05\/23\/kisa-mjestimicno-od-sredine-dana\/","title":{"rendered":"Ki\u0161a mjestimi\u010dno od sredine dana"},"content":{"rendered":"<p><img loading=\"lazy\" decoding=\"async\" class=\"alignright size-full wp-image-77373\" src=\"http:\/\/www.pcnen.com\/portal\/wp-content\/uploads\/2012\/02\/pas-i-biciklo.jpg\" alt=\"\" width=\"300\" height=\"199\" \/>Promjenljivo obla\u010dno sa sun\u010danim intervalima bi\u0107e u petak u Crnoj Gori. Prvenstveno od sredine dana bi\u0107e mjestimi\u010dno i ki\u0161e ili pljuska sa grmljavinom.<\/p>\n<p>Vjetar promjenljivog smjera bi\u0107e slab do umjeren.<\/p>\n<p>Jutarnja temperatura vazduha bi\u0107e u rasponu od 7 do 15, a najvi\u0161a dnevna od 14 do 24 stepena.<\/p>\n<p>U Podgorici \u0107e biti promjenljivo obla\u010dno sa sun\u010danim intervalima ali \u0107e, uglavnom od sredine dana, biti i uslova za ki\u0161u ili kratkotrajan pljusak i grmljavinu. Promjenljiv vjetar bi\u0107e slab do umjeren. Jutarnja temperatura vazduha bi\u0107e do 14, a najvi\u0161a dnevna oko 24 stepena.<\/p>\n<p><a href=\"http:\/\/www.meteo.co.me\/misc.php?text=121&amp;sektor=1&amp;grad=KOL\" target=\"_blank\" rel=\"noopener\">Prognoza za ostale gradove.<\/a><\/p>\n","protected":false},"excerpt":{"rendered":"<p>Vjetar promjenljivog smjera bi\u0107e slab do umjeren<\/p>\n","protected":false},"author":1,"featured_media":0,"comment_status":"open","ping_status":"closed","sticky":false,"template":"","format":"standard","meta":{"_seopress_robots_primary_cat":"","_seopress_titles_title":"","_seopress_titles_desc":"","_seopress_robots_index":"","_et_pb_use_builder":"","_et_pb_old_content":"","_et_gb_content_width":"","inline_featured_image":false,"footnotes":""},"categories":[14,12],"tags":[],"class_list":["post-266650","post","type-post","status-publish","format-standard","hentry","category-vijesti","category-prica-dana"],"_links":{"self":[{"href":"https:\/\/www.pcnen.com\/portal\/wp-json\/wp\/v2\/posts\/266650","targetHints":{"allow":["GET"]}}],"collection":[{"href":"https:\/\/www.pcnen.com\/portal\/wp-json\/wp\/v2\/posts"}],"about":[{"href":"https:\/\/www.pcnen.com\/portal\/wp-json\/wp\/v2\/types\/post"}],"author":[{"embeddable":true,"href":"https:\/\/www.pcnen.com\/portal\/wp-json\/wp\/v2\/users\/1"}],"replies":[{"embeddable":true,"href":"https:\/\/www.pcnen.com\/portal\/wp-json\/wp\/v2\/comments?post=266650"}],"version-history":[{"count":0,"href":"https:\/\/www.pcnen.com\/portal\/wp-json\/wp\/v2\/posts\/266650\/revisions"}],"wp:attachment":[{"href":"https:\/\/www.pcnen.com\/portal\/wp-json\/wp\/v2\/media?parent=266650"}],"wp:term":[{"taxonomy":"category","embeddable":true,"href":"https:\/\/www.pcnen.com\/portal\/wp-json\/wp\/v2\/categories?post=266650"},{"taxonomy":"post_tag","embeddable":true,"href":"https:\/\/www.pcnen.com\/portal\/wp-json\/wp\/v2\/tags?post=266650"}],"curies":[{"name":"wp","href":"https:\/\/api.w.org\/{rel}","templated":true}]}}