{"id":266638,"date":"2019-05-23T17:42:56","date_gmt":"2019-05-23T15:42:56","guid":{"rendered":"http:\/\/www.pcnen.com\/portal\/?p=266638"},"modified":"2019-05-23T17:42:56","modified_gmt":"2019-05-23T15:42:56","slug":"vlada-mijenja-politiku-preme-gradnji-mini-hidroelektrana","status":"publish","type":"post","link":"https:\/\/www.pcnen.com\/portal\/2019\/05\/23\/vlada-mijenja-politiku-preme-gradnji-mini-hidroelektrana\/","title":{"rendered":"Vlada mijenja politiku preme gradnji mini-hidroelektrana"},"content":{"rendered":"<p>Vlada Crne Gore je odlu\u010dila da mijenja politiku prema gradnji mini-hidroelektrana. Na dana\u0161njoj sjednici je donijela uredbu kojom se od 1. juna ukidaju naknadu za odr\u017eive izvore energije (OIE), a Vlada je razmatrala i budu\u0107nost razvoja OIE i najavila da \u0107e nastaviti sa praksom nedavanja novih koncesija za male hidroelektrane.<\/p>\n<p><iframe loading=\"lazy\" title=\"2019 05 23 - Dragica Sekuli\u0107 - IZJAVA na konferenciji za medije nakon 122. sjednice Vlade CG\" width=\"1080\" height=\"608\" src=\"https:\/\/www.youtube.com\/embed\/oIsOArM-92U?feature=oembed\" frameborder=\"0\" allow=\"accelerometer; autoplay; clipboard-write; encrypted-media; gyroscope; picture-in-picture; web-share\" allowfullscreen><\/iframe><\/p>\n<p>Ministarka ekonomije Dragica Sekuli\u0107 je kazala, poslije sjednice Vlade, da \u0107e se iznos sredstava potrebnih za pokrivanje potrebnog iznosa, umjesto gra\u0111ana platiti iz bud\u017eeta a iz sredstava prikupljenih od zaga\u0111iva\u010da.<\/p>\n<p>\u201cOvom izmjenom obezbijedili smo da tr\u017ei\u0161no poslovanje EPCG ne bude naru\u0161eno, da gra\u0111ani budu dijelom rastere\u0107eni pla\u0107anja po osnovu kori\u0161\u0107enja obnovljivih izvora energije, a da u kona\u010dnom rezultatu prosje\u010dni ra\u010duni za elektri\u010dnu energiju ostanu isti ili dijelom umanjeni\u201c, kazala je Sekuli\u0107.<\/p>\n<p>Ona je saop\u0161tila i da je Vlada zadu\u017eila Ministarstvo ekonomije, kao koordinatora, da preispita svu dokumentaciju izdatu od strane svih crnogorskih institucija, a za svaku lokaciju za koju je data koncesija, poru\u010div\u0161i da je davanje koncesije samo jedan od velikog broja koraka koje zakupac mora ispo\u0161tovati da bi mogao da gradi.<\/p>\n","protected":false},"excerpt":{"rendered":"<p>Preispita\u0107e se dokumentacija za svaku lokaciju za koju je data koncesija<\/p>\n","protected":false},"author":1,"featured_media":0,"comment_status":"open","ping_status":"closed","sticky":false,"template":"","format":"standard","meta":{"_seopress_robots_primary_cat":"","_seopress_titles_title":"","_seopress_titles_desc":"","_seopress_robots_index":"","_et_pb_use_builder":"","_et_pb_old_content":"","_et_gb_content_width":"","inline_featured_image":false,"footnotes":""},"categories":[14,12],"tags":[],"class_list":["post-266638","post","type-post","status-publish","format-standard","hentry","category-vijesti","category-prica-dana"],"_links":{"self":[{"href":"https:\/\/www.pcnen.com\/portal\/wp-json\/wp\/v2\/posts\/266638","targetHints":{"allow":["GET"]}}],"collection":[{"href":"https:\/\/www.pcnen.com\/portal\/wp-json\/wp\/v2\/posts"}],"about":[{"href":"https:\/\/www.pcnen.com\/portal\/wp-json\/wp\/v2\/types\/post"}],"author":[{"embeddable":true,"href":"https:\/\/www.pcnen.com\/portal\/wp-json\/wp\/v2\/users\/1"}],"replies":[{"embeddable":true,"href":"https:\/\/www.pcnen.com\/portal\/wp-json\/wp\/v2\/comments?post=266638"}],"version-history":[{"count":0,"href":"https:\/\/www.pcnen.com\/portal\/wp-json\/wp\/v2\/posts\/266638\/revisions"}],"wp:attachment":[{"href":"https:\/\/www.pcnen.com\/portal\/wp-json\/wp\/v2\/media?parent=266638"}],"wp:term":[{"taxonomy":"category","embeddable":true,"href":"https:\/\/www.pcnen.com\/portal\/wp-json\/wp\/v2\/categories?post=266638"},{"taxonomy":"post_tag","embeddable":true,"href":"https:\/\/www.pcnen.com\/portal\/wp-json\/wp\/v2\/tags?post=266638"}],"curies":[{"name":"wp","href":"https:\/\/api.w.org\/{rel}","templated":true}]}}