{"id":266624,"date":"2019-05-23T11:30:05","date_gmt":"2019-05-23T09:30:05","guid":{"rendered":"http:\/\/www.pcnen.com\/portal\/?p=266624"},"modified":"2019-05-23T11:30:05","modified_gmt":"2019-05-23T09:30:05","slug":"sdt-provjera-nije-potvrdila-nalaze-privatnog-detktiva-o-ubistvu-duska-jovanovica","status":"publish","type":"post","link":"https:\/\/www.pcnen.com\/portal\/2019\/05\/23\/sdt-provjera-nije-potvrdila-nalaze-privatnog-detktiva-o-ubistvu-duska-jovanovica\/","title":{"rendered":"SDT: Provjera nije potvrdila nalaze privatnog detktiva o ubistvu Du\u0161ka Jovanovi\u0107a"},"content":{"rendered":"<p><img loading=\"lazy\" decoding=\"async\" class=\"alignright size-medium wp-image-134825\" src=\"http:\/\/www.pcnen.com\/portal\/wp-content\/uploads\/2014\/01\/Dusko_Jovanovic-300x200.jpg\" alt=\"\" width=\"300\" height=\"200\" \/>Nakon detaljne istrage, u koju su bile uklju\u010dene i italijanske vlasti i forenzi\u010dari iz Visbadena i Danilovgrada, Specijalno dr\u017eavno tu\u017eila\u0161tvo (SDT) je odbacilo kao neosnovanu prijavu, odnosno izvje\u0161taj koji je privatni detektiv sa\u010dinio povodom istrage o ubistvu Du\u0161ka Jovanovi\u0107a, saop\u0161teno je dnevniku Dan iz tu\u017eila\u0161tva.<\/p>\n<p>Na osnovu svih prikupljenih dokaza i odra\u0111enih provjera, nema ni osnova sumnje da su osobe koje se u izvje\u0161taju detektiva pominju kao organizatori i pomaga\u010di u\u010destvovala u ubistvu Jovanovi\u0107a, navedeno je u informaciji iz Tu\u017eila\u0161tva.<\/p>\n<p>&#8220;Nakon analize tog izvje\u0161taja, kao i svih do sada prikupljenih podataka i dokaza, ocijenjeno je da ne postoji osnovana sumnja da su \u0110uzepe \u0110ordano, Antonio Prikoko i \u0110iole Karmelo Man\u0111ola, koji su u predmetnom detektivskom izvje\u0161taju ozna\u010deni kao neposredni izvr\u0161ioci, izvr\u0161ili krivi\u010dno djelo te\u0161ko ubistvo kao i drugo krivi\u010dno djelo za koje se gonjenje preduzima no slu\u017ebenoj du\u017enosti&#8221; saop\u0161teno je iz tu\u017eila\u0161tva.<\/p>\n<p><a href=\"http:\/\/www.pcnen.com\/portal\/2004\/06\/08\/ubijen-glavni-i-odgovorni-urednik-%e2%80%9cdana%e2%80%9d%c2%a0\/\">Ubistvo<\/a> suvlasnika i glavnog urednika lista Dan Du\u0161ka Jovanovi\u0107a, koje se desilo 7. juna 2004. godine, jo\u0161 uvijek nije rasvijetljeno, a jedino je za umije\u0161anost u ovaj zlo\u010din <a href=\"http:\/\/www.pcnen.com\/portal\/2016\/04\/12\/damiru-mandicu-potvrdena-kazna-zatvora\/\">osu\u0111en Podgori\u010danin Damir Mandi\u0107.<\/a><\/p>\n","protected":false},"excerpt":{"rendered":"<p>Prikupljeni dokazi i odra\u0111ene provjere skinule sumnju sa trojice italijanskih dr\u017eavljana<\/p>\n","protected":false},"author":1,"featured_media":0,"comment_status":"open","ping_status":"closed","sticky":false,"template":"","format":"standard","meta":{"_seopress_robots_primary_cat":"","_seopress_titles_title":"","_seopress_titles_desc":"","_seopress_robots_index":"","_et_pb_use_builder":"","_et_pb_old_content":"","_et_gb_content_width":"","inline_featured_image":false,"footnotes":""},"categories":[14,12],"tags":[],"class_list":["post-266624","post","type-post","status-publish","format-standard","hentry","category-vijesti","category-prica-dana"],"_links":{"self":[{"href":"https:\/\/www.pcnen.com\/portal\/wp-json\/wp\/v2\/posts\/266624","targetHints":{"allow":["GET"]}}],"collection":[{"href":"https:\/\/www.pcnen.com\/portal\/wp-json\/wp\/v2\/posts"}],"about":[{"href":"https:\/\/www.pcnen.com\/portal\/wp-json\/wp\/v2\/types\/post"}],"author":[{"embeddable":true,"href":"https:\/\/www.pcnen.com\/portal\/wp-json\/wp\/v2\/users\/1"}],"replies":[{"embeddable":true,"href":"https:\/\/www.pcnen.com\/portal\/wp-json\/wp\/v2\/comments?post=266624"}],"version-history":[{"count":0,"href":"https:\/\/www.pcnen.com\/portal\/wp-json\/wp\/v2\/posts\/266624\/revisions"}],"wp:attachment":[{"href":"https:\/\/www.pcnen.com\/portal\/wp-json\/wp\/v2\/media?parent=266624"}],"wp:term":[{"taxonomy":"category","embeddable":true,"href":"https:\/\/www.pcnen.com\/portal\/wp-json\/wp\/v2\/categories?post=266624"},{"taxonomy":"post_tag","embeddable":true,"href":"https:\/\/www.pcnen.com\/portal\/wp-json\/wp\/v2\/tags?post=266624"}],"curies":[{"name":"wp","href":"https:\/\/api.w.org\/{rel}","templated":true}]}}