{"id":266615,"date":"2019-05-23T10:29:59","date_gmt":"2019-05-23T08:29:59","guid":{"rendered":"http:\/\/www.pcnen.com\/portal\/?p=266615"},"modified":"2019-05-23T11:57:55","modified_gmt":"2019-05-23T09:57:55","slug":"danas-pocinju-izbori-za-evropski-parlament","status":"publish","type":"post","link":"https:\/\/www.pcnen.com\/portal\/2019\/05\/23\/danas-pocinju-izbori-za-evropski-parlament\/","title":{"rendered":"Danas po\u010dinju izbori za Evropski parlament"},"content":{"rendered":"<p><img loading=\"lazy\" decoding=\"async\" class=\"alignright size-medium wp-image-68866\" src=\"http:\/\/www.pcnen.com\/portal\/wp-content\/uploads\/2011\/12\/Evropska-unija-300x193.jpg\" alt=\"\" width=\"300\" height=\"193\" \/>Oko 400 miliona ljudi iz 28 \u010dlanica Evropske unije, od danas do 26. maja bira\u0107e svoje predstavnike u Evropskom parlamentu za narednih pet godina.<\/p>\n<p>Ukupno se bira 751 evroposlanik, s obzirom na to da Velika Britanija nije napustila EU. Da se to desilo krajem marta, kako je prvobitno planirano, u EP bi sjedelo 705 poslanika.<\/p>\n<p>Glasanje po\u010dinje danas u Holandiji i Britaniji, u Irskoj se glasa u petak 24. maja, u \u010ce\u0161koj u petak i subotu &#8211; 24. i 25. maja, u Letoniji, Malti i Slova\u010dkoj u subotu 25. maja a u preostaloj 21 \u010dlanici u nedjelju, 26. maja.<\/p>\n<p>Preliminarni rezultati zna\u0107e se u kasnim ve\u010dernjim satima u nedjelju, a novoizabrani evroposlanici \u0107e ve\u0107 u ponedjeljak po\u010deti razgovore o formiranju parlamentarnih grupa.<\/p>\n<p>Nova istra\u017eivanja javnog mnenja pokazaju da bira\u010de pred ove izbore najvi\u0161e brinu ekonomija, nezaposlenost, imigracija, ekologija, ali i terorizam, unapre\u0111enje ljudskih prava, demokratija, socijalna za\u0161tita.<\/p>\n<p>\u201cUz sve dosada\u0161nje slabosti, izvjesno je da \u0107e proevropske politi\u010dke stranke dobiti jo\u0161 jednu petogodi\u0161nju priliku da sa ispraznih rije\u010di pre\u0111u na konkretna djela. Populisti, nacionalisti, radikali i druge ekstremno desni\u010darske stranke, me\u0111utim, imaju talenat za propagandu svojih ideja i primaju sve sna\u017eniju podr\u0161ku &#8216;vanjskog faktora&#8217; &#8211; administracije Donalda Trumpa, ruskih oligarha i banaka i iz sivih fondova iz koji se, manje ili vi\u0161e, otvoreno finansiraju svi antievropski pokreti u Francuskoj, Italiji, Poljskoj, \u010ce\u0161koj, Ma\u0111arskoj&#8230; sve do Hrvatske\u201c, <a href=\"http:\/\/balkans.aljazeera.net\/vijesti\/ceka-li-nas-izborna-katastrofa-vatra-u-domu-evropa\">komentari\u0161e Zekerijah Smai\u0107 za portal Al D\u017eazira Balkan.<\/a><\/p>\n","protected":false},"excerpt":{"rendered":"<p>Preliminarni rezultati zna\u0107e se u kasnim ve\u010dernjim satima u nedjelju<\/p>\n","protected":false},"author":1,"featured_media":0,"comment_status":"open","ping_status":"closed","sticky":false,"template":"","format":"standard","meta":{"_seopress_robots_primary_cat":"","_seopress_titles_title":"","_seopress_titles_desc":"","_seopress_robots_index":"","_et_pb_use_builder":"","_et_pb_old_content":"","_et_gb_content_width":"","inline_featured_image":false,"footnotes":""},"categories":[14,12],"tags":[],"class_list":["post-266615","post","type-post","status-publish","format-standard","hentry","category-vijesti","category-prica-dana"],"_links":{"self":[{"href":"https:\/\/www.pcnen.com\/portal\/wp-json\/wp\/v2\/posts\/266615","targetHints":{"allow":["GET"]}}],"collection":[{"href":"https:\/\/www.pcnen.com\/portal\/wp-json\/wp\/v2\/posts"}],"about":[{"href":"https:\/\/www.pcnen.com\/portal\/wp-json\/wp\/v2\/types\/post"}],"author":[{"embeddable":true,"href":"https:\/\/www.pcnen.com\/portal\/wp-json\/wp\/v2\/users\/1"}],"replies":[{"embeddable":true,"href":"https:\/\/www.pcnen.com\/portal\/wp-json\/wp\/v2\/comments?post=266615"}],"version-history":[{"count":0,"href":"https:\/\/www.pcnen.com\/portal\/wp-json\/wp\/v2\/posts\/266615\/revisions"}],"wp:attachment":[{"href":"https:\/\/www.pcnen.com\/portal\/wp-json\/wp\/v2\/media?parent=266615"}],"wp:term":[{"taxonomy":"category","embeddable":true,"href":"https:\/\/www.pcnen.com\/portal\/wp-json\/wp\/v2\/categories?post=266615"},{"taxonomy":"post_tag","embeddable":true,"href":"https:\/\/www.pcnen.com\/portal\/wp-json\/wp\/v2\/tags?post=266615"}],"curies":[{"name":"wp","href":"https:\/\/api.w.org\/{rel}","templated":true}]}}