{"id":266598,"date":"2019-05-22T22:20:32","date_gmt":"2019-05-22T20:20:32","guid":{"rendered":"http:\/\/www.pcnen.com\/portal\/?p=266598"},"modified":"2019-05-22T22:20:32","modified_gmt":"2019-05-22T20:20:32","slug":"uglavnom-popodne-kisa-mjestimicno","status":"publish","type":"post","link":"https:\/\/www.pcnen.com\/portal\/2019\/05\/22\/uglavnom-popodne-kisa-mjestimicno\/","title":{"rendered":"Uglavnom popodne ki\u0161a mjestimi\u010dno"},"content":{"rendered":"<p><img loading=\"lazy\" decoding=\"async\" class=\"alignright size-full wp-image-80609\" src=\"http:\/\/www.pcnen.com\/portal\/wp-content\/uploads\/2012\/04\/promjenljivo-obla\u010dno-s-ki\u0161om.jpg\" alt=\"\" width=\"288\" height=\"175\" \/>Promjenljivo obla\u010dno bi\u0107e u \u010detvrtak u Crnoj Gori. Ki\u0161e ili pljuska i grmljavine bi\u0107e mjestimi\u010dno, uglavnom poslije podne.<\/p>\n<p>Vjetar promjenljivog smjera bi\u0107e slab do umjeren.<\/p>\n<p>Jutarnja temperatura vazduha bi\u0107e u rasponu od 4 do 14, a najvi\u0161a dnevna od 14 do 25 stepeni.<\/p>\n<p>U Podgorici \u0107e biti kratkotrajno ki\u0161e ili pljuska i grmljavine, uglavnom popodne. Promjenljiv vjetar bi\u0107e slab do umjeren. Jutarnja temperatura vazduha bi\u0107e oko 12, a najvi\u0161a dnevna oko 25 stepeni.<\/p>\n<p>P<a href=\"http:\/\/www.meteo.co.me\/misc.php?text=121&amp;sektor=1&amp;grad=DAN\">rognoza za ostale gradove.<\/a><\/p>\n","protected":false},"excerpt":{"rendered":"<p>Jutarnja temperatura vazduha bi\u0107e u rasponu od 4 do 14, a najvi\u0161a dnevna od 14 do 25 stepeni<\/p>\n","protected":false},"author":1,"featured_media":0,"comment_status":"open","ping_status":"closed","sticky":false,"template":"","format":"standard","meta":{"_seopress_robots_primary_cat":"","_seopress_titles_title":"","_seopress_titles_desc":"","_seopress_robots_index":"","_et_pb_use_builder":"","_et_pb_old_content":"","_et_gb_content_width":"","inline_featured_image":false,"footnotes":""},"categories":[14,12],"tags":[],"class_list":["post-266598","post","type-post","status-publish","format-standard","hentry","category-vijesti","category-prica-dana"],"_links":{"self":[{"href":"https:\/\/www.pcnen.com\/portal\/wp-json\/wp\/v2\/posts\/266598","targetHints":{"allow":["GET"]}}],"collection":[{"href":"https:\/\/www.pcnen.com\/portal\/wp-json\/wp\/v2\/posts"}],"about":[{"href":"https:\/\/www.pcnen.com\/portal\/wp-json\/wp\/v2\/types\/post"}],"author":[{"embeddable":true,"href":"https:\/\/www.pcnen.com\/portal\/wp-json\/wp\/v2\/users\/1"}],"replies":[{"embeddable":true,"href":"https:\/\/www.pcnen.com\/portal\/wp-json\/wp\/v2\/comments?post=266598"}],"version-history":[{"count":0,"href":"https:\/\/www.pcnen.com\/portal\/wp-json\/wp\/v2\/posts\/266598\/revisions"}],"wp:attachment":[{"href":"https:\/\/www.pcnen.com\/portal\/wp-json\/wp\/v2\/media?parent=266598"}],"wp:term":[{"taxonomy":"category","embeddable":true,"href":"https:\/\/www.pcnen.com\/portal\/wp-json\/wp\/v2\/categories?post=266598"},{"taxonomy":"post_tag","embeddable":true,"href":"https:\/\/www.pcnen.com\/portal\/wp-json\/wp\/v2\/tags?post=266598"}],"curies":[{"name":"wp","href":"https:\/\/api.w.org\/{rel}","templated":true}]}}