{"id":266561,"date":"2019-05-22T11:50:20","date_gmt":"2019-05-22T09:50:20","guid":{"rendered":"http:\/\/www.pcnen.com\/portal\/?p=266561"},"modified":"2019-05-22T12:36:54","modified_gmt":"2019-05-22T10:36:54","slug":"novosti-taci-1-jula-u-parizu-trazi-jug-srbije","status":"publish","type":"post","link":"https:\/\/www.pcnen.com\/portal\/2019\/05\/22\/novosti-taci-1-jula-u-parizu-trazi-jug-srbije\/","title":{"rendered":"&#8216;Novosti&#8217;: Ta\u010di 1. jula u Parizu tra\u017ei jug Srbije"},"content":{"rendered":"<p><img loading=\"lazy\" decoding=\"async\" src=\"http:\/\/www.pcnen.com\/portal\/wp-content\/uploads\/2015\/10\/Hasim-Taci-300x164.jpg\" alt=\"\" width=\"300\" height=\"164\" class=\"alignright size-medium wp-image-191640\" \/>Politi\u010dki lideri iz Pri\u0161tine i Tirane prave strategiju pred zakazani sastanak s delegacijom Beograda u Parizu 1. jula, a kosovski predsjednik Ha\u0161im Ta\u010di najavljuje da \u0107e u razgovorima \u010diji \u0107e doma\u0107in biti predsjednik Francuske Emanuel Makron iznijeti podr\u0161ku ideji da se Pre\u0161evo, Bujanovac i Medve\u0111a, na jugu centralne Srbije, pripoje teritoriji Republike Kosovo, p<a href=\"http:\/\/www.novosti.rs\/vesti\/naslovna\/politika\/aktuelno.289.html:796021-Taci-1-jula-u-Parizu-trazi-i-jug-Srbije\">i\u0161u Ve\u010dernje novosti.<\/a><\/p>\n<p>To bi, prema rije\u010dima Ta\u010dija, bilo &#8220;ispravljanje istorijske nepravde&#8221;.<\/p>\n<p>&#8220;Vidim da je neophodno korigovati granicu bez uticaja na ijedan centimetar teritorije Republike Kosovo. Ja sam za korekciju, ne za razmjenu, i predstavi\u0107u tu ideju i u Parizu&#8221;, rekao je Ta\u010di.<\/p>\n<p>O pripremama Pri\u0161tine za samit u Parizu, Ta\u010di je ju\u010de razgovarao sa premijerom Albanije Edijem Ramom, dok su ve\u010de prije toga predsjednik te zemlje Ilir Meta i premijer Kosova Ramu\u0161 Haradinaj ve\u010derali u luci Dra\u010d, gdje su, kako su saop\u0161tili, razgovarali i o odnosima Beograda i Pri\u0161tine i o &#8220;grani\u010dnom pitanju Srbije i Kosova&#8221;.<\/p>\n","protected":false},"excerpt":{"rendered":"<p>Politi\u010dki lideri iz Pri\u0161tine i Tirane prave strategiju pred zakazani sastanak s delegacijom Beograda u Parizu 1. jula, a kosovski predsjednik Ha\u0161im Ta\u010di najavljuje da \u0107e u razgovorima \u010diji \u0107e doma\u0107in biti predsjednik Francuske Emanuel Makron iznijeti podr\u0161ku ideji da se Pre\u0161evo, Bujanovac i Medve\u0111a, na jugu centralne Srbije, pripoje teritoriji Republike Kosovo, pi\u0161u Ve\u010dernje [&hellip;]<\/p>\n","protected":false},"author":1,"featured_media":0,"comment_status":"open","ping_status":"closed","sticky":false,"template":"","format":"standard","meta":{"_seopress_robots_primary_cat":"","_seopress_titles_title":"","_seopress_titles_desc":"","_seopress_robots_index":"","_et_pb_use_builder":"","_et_pb_old_content":"","_et_gb_content_width":"","inline_featured_image":false,"footnotes":""},"categories":[14,12],"tags":[],"class_list":["post-266561","post","type-post","status-publish","format-standard","hentry","category-vijesti","category-prica-dana"],"_links":{"self":[{"href":"https:\/\/www.pcnen.com\/portal\/wp-json\/wp\/v2\/posts\/266561","targetHints":{"allow":["GET"]}}],"collection":[{"href":"https:\/\/www.pcnen.com\/portal\/wp-json\/wp\/v2\/posts"}],"about":[{"href":"https:\/\/www.pcnen.com\/portal\/wp-json\/wp\/v2\/types\/post"}],"author":[{"embeddable":true,"href":"https:\/\/www.pcnen.com\/portal\/wp-json\/wp\/v2\/users\/1"}],"replies":[{"embeddable":true,"href":"https:\/\/www.pcnen.com\/portal\/wp-json\/wp\/v2\/comments?post=266561"}],"version-history":[{"count":0,"href":"https:\/\/www.pcnen.com\/portal\/wp-json\/wp\/v2\/posts\/266561\/revisions"}],"wp:attachment":[{"href":"https:\/\/www.pcnen.com\/portal\/wp-json\/wp\/v2\/media?parent=266561"}],"wp:term":[{"taxonomy":"category","embeddable":true,"href":"https:\/\/www.pcnen.com\/portal\/wp-json\/wp\/v2\/categories?post=266561"},{"taxonomy":"post_tag","embeddable":true,"href":"https:\/\/www.pcnen.com\/portal\/wp-json\/wp\/v2\/tags?post=266561"}],"curies":[{"name":"wp","href":"https:\/\/api.w.org\/{rel}","templated":true}]}}