{"id":266471,"date":"2019-05-20T21:42:27","date_gmt":"2019-05-20T19:42:27","guid":{"rendered":"http:\/\/www.pcnen.com\/portal\/?p=266471"},"modified":"2019-05-20T21:42:27","modified_gmt":"2019-05-20T19:42:27","slug":"kise-ce-cesce-biti-u-prvom-dijelu-dana","status":"publish","type":"post","link":"https:\/\/www.pcnen.com\/portal\/2019\/05\/20\/kise-ce-cesce-biti-u-prvom-dijelu-dana\/","title":{"rendered":"Ki\u0161e \u0107e \u010de\u0161\u0107e biti u prvom dijelu dana"},"content":{"rendered":"<p><img loading=\"lazy\" decoding=\"async\" class=\"size-medium wp-image-186236 alignleft\" src=\"http:\/\/www.pcnen.com\/portal\/wp-content\/uploads\/2015\/08\/brijest-300x200.jpg\" alt=\"\" width=\"300\" height=\"200\" \/>U utorak \u0107e biti promjenljivo obla\u010dno sa sun\u010danim intervalima, ali \u0107e biti mjestimi\u010dno i ki\u0161e, \u010de\u0161\u0107e u prvom dijelu dana.<\/p>\n<p>Ju\u017eni vjetar \u0107e biti slab do umjeren; u sjevernim krajevima Crne Gore i poja\u010dan.<\/p>\n<p>Jutarnja temperatura vazduha bi\u0107e u rasponu od 4 do 14, a najvi\u0161a dnevna od 12 do 22 stepena.<\/p>\n<p>U Podgorici \u0107e biti promjenljivo obla\u010dno, uz ki\u0161u povremeno. Vjetar ju\u017eni i jugoisto\u010dni bi\u0107e slab do umjeren. Jutarnja temperatura vazduha bi\u0107e oko 11, a najvi\u0161a dnevna 21 stepen.<\/p>\n<p><a href=\"http:\/\/www.meteo.co.me\/misc.php?text=121&amp;sektor=1&amp;grad=BER\">Prognoza za ostale gradove.<\/a><\/p>\n","protected":false},"excerpt":{"rendered":"<p>Ju\u017eni vjetar \u0107e biti slab do umjeren; u sjevernim krajevima Crne Gore i poja\u010dan<\/p>\n","protected":false},"author":1,"featured_media":0,"comment_status":"open","ping_status":"closed","sticky":false,"template":"","format":"standard","meta":{"_seopress_robots_primary_cat":"","_seopress_titles_title":"","_seopress_titles_desc":"","_seopress_robots_index":"","_et_pb_use_builder":"","_et_pb_old_content":"","_et_gb_content_width":"","inline_featured_image":false,"footnotes":""},"categories":[14,12],"tags":[],"class_list":["post-266471","post","type-post","status-publish","format-standard","hentry","category-vijesti","category-prica-dana"],"_links":{"self":[{"href":"https:\/\/www.pcnen.com\/portal\/wp-json\/wp\/v2\/posts\/266471","targetHints":{"allow":["GET"]}}],"collection":[{"href":"https:\/\/www.pcnen.com\/portal\/wp-json\/wp\/v2\/posts"}],"about":[{"href":"https:\/\/www.pcnen.com\/portal\/wp-json\/wp\/v2\/types\/post"}],"author":[{"embeddable":true,"href":"https:\/\/www.pcnen.com\/portal\/wp-json\/wp\/v2\/users\/1"}],"replies":[{"embeddable":true,"href":"https:\/\/www.pcnen.com\/portal\/wp-json\/wp\/v2\/comments?post=266471"}],"version-history":[{"count":0,"href":"https:\/\/www.pcnen.com\/portal\/wp-json\/wp\/v2\/posts\/266471\/revisions"}],"wp:attachment":[{"href":"https:\/\/www.pcnen.com\/portal\/wp-json\/wp\/v2\/media?parent=266471"}],"wp:term":[{"taxonomy":"category","embeddable":true,"href":"https:\/\/www.pcnen.com\/portal\/wp-json\/wp\/v2\/categories?post=266471"},{"taxonomy":"post_tag","embeddable":true,"href":"https:\/\/www.pcnen.com\/portal\/wp-json\/wp\/v2\/tags?post=266471"}],"curies":[{"name":"wp","href":"https:\/\/api.w.org\/{rel}","templated":true}]}}