{"id":266465,"date":"2019-05-20T17:46:42","date_gmt":"2019-05-20T15:46:42","guid":{"rendered":"http:\/\/www.pcnen.com\/portal\/?p=266465"},"modified":"2019-05-20T17:46:42","modified_gmt":"2019-05-20T15:46:42","slug":"stop-mini-hitroelektranama-ozon-i-breznica-traze-ponistenje-koncesija-i-koncesionih-ugovora","status":"publish","type":"post","link":"https:\/\/www.pcnen.com\/portal\/2019\/05\/20\/stop-mini-hitroelektranama-ozon-i-breznica-traze-ponistenje-koncesija-i-koncesionih-ugovora\/","title":{"rendered":"Stop mini hitroelektranama: Ozon i Breznica tra\u017ee poni\u0161tenje koncesija i koncesionih ugovora"},"content":{"rendered":"<div id=\"attachment_266339\" style=\"width: 310px\" class=\"wp-caption alignright\"><img loading=\"lazy\" decoding=\"async\" aria-describedby=\"caption-attachment-266339\" class=\"size-medium wp-image-266339\" src=\"http:\/\/www.pcnen.com\/portal\/wp-content\/uploads\/2019\/05\/Bukovica-prptest-300x144.jpeg\" alt=\"\" width=\"300\" height=\"144\" \/><p id=\"caption-attachment-266339\" class=\"wp-caption-text\">Foto: Svetlana Mandi\u0107, Vijesti<\/p><\/div>\n<p>Ekolo\u0161ke nevladine organizacije &#8216;Ozon&#8217; iz Nik\u0161i\u0107a i &#8216;Breznica&#8217; iz Pljevalja su pozvale danas crnogorskog premijera Du\u0161ka Markovi\u0107a da Vlada poni\u0161ti koncesije za izgradnju malih hidroelektrana i ugovore sa koncesionarima \u201ckoji nesporno nijesu od javnog interesa i o\u010digledno imaju sve elemente da kao \u0161tetni za gra\u0111ane Crne Gore budu raskinuti\u201c.<\/p>\n<p>Oni su poru\u010dili da je \u201chitno potrebno obustaviti i subvencije za postoje\u0107e male hidroelektrane, a sredstva prikupljena putem naplate od zaga\u0111iva\u010da, kzoz akcizu na ugalj, namijenjena za tu svrhu, preusmjeriti na sanaciju pri\u010dinjene ekolo\u0161ke \u0161tete i eventualno obe\u0161te\u0107enje investitora, ukoliko za to postoji potreba\u201c.<\/p>\n<p>\u201cImaju\u0107i u vidu aktuelne probleme i narasle tenzije, naro\u010dito na relaciji gra\u0111ani \u2013 investitori, za\u0161to je upravo Vlada najve\u0107i krivac, te trendove u razvijenim zemljama, stavove EU i EIBRD kada su projekti malih hidroelektrana u pitanju, upitna ustavnost podsticajnog na\u010dina otkupa tako proizvedene elektri\u010dne energije i o\u010diglednog prostora za razli\u010dite koruptivno-manipulativne elemente, smatramo da je jedina prava odgovorna odluka zaustavljanje dalje \u0161tete po dru\u0161tvo u cjelini\u201c, poru\u010dili su iz &#8216;Oznona&#8217; i &#8216;Breznice&#8217;.<\/p>\n<p>Potpisnici ove inicijative Aleksandar Perovi\u0107 (Ozon) i Milorad Mitrovi\u0107 (Breznica) smatraju da premijer Markovi\u0107 \u201cmora prepoznati ozbiljnost trenutne dru\u0161tveno-ekonomske situacije i hitnost i neophodnost za\u0161tite javnog interesa\u201c, te dokazati gra\u0111anima \u201cda mu je na\u0161e dobro va\u017enije od privatnih interesa onih koji su koncesije na rijeke podijelili kao da im je porodi\u010dna a ne dr\u017eavna svojina\u201c.<\/p>\n","protected":false},"excerpt":{"rendered":"<p>Ekolo\u0161ke nevladine organizacije &#8216;Ozon&#8217; iz Nik\u0161i\u0107a i &#8216;Breznica&#8217; iz Pljevalja su pozvale danas crnogorskog premijera Du\u0161ka Markovi\u0107a da Vlada poni\u0161ti koncesije za izgradnju malih hidroelektrana i ugovore sa koncesionarima \u201ckoji nesporno nijesu od javnog interesa i o\u010digledno imaju sve elemente da kao \u0161tetni za gra\u0111ane Crne Gore budu raskinuti\u201c. Oni su poru\u010dili da je \u201chitno [&hellip;]<\/p>\n","protected":false},"author":1,"featured_media":266339,"comment_status":"open","ping_status":"closed","sticky":false,"template":"","format":"standard","meta":{"_seopress_robots_primary_cat":"","_seopress_titles_title":"","_seopress_titles_desc":"","_seopress_robots_index":"","_et_pb_use_builder":"","_et_pb_old_content":"","_et_gb_content_width":"","inline_featured_image":false,"footnotes":""},"categories":[14,12],"tags":[],"class_list":["post-266465","post","type-post","status-publish","format-standard","has-post-thumbnail","hentry","category-vijesti","category-prica-dana"],"_links":{"self":[{"href":"https:\/\/www.pcnen.com\/portal\/wp-json\/wp\/v2\/posts\/266465","targetHints":{"allow":["GET"]}}],"collection":[{"href":"https:\/\/www.pcnen.com\/portal\/wp-json\/wp\/v2\/posts"}],"about":[{"href":"https:\/\/www.pcnen.com\/portal\/wp-json\/wp\/v2\/types\/post"}],"author":[{"embeddable":true,"href":"https:\/\/www.pcnen.com\/portal\/wp-json\/wp\/v2\/users\/1"}],"replies":[{"embeddable":true,"href":"https:\/\/www.pcnen.com\/portal\/wp-json\/wp\/v2\/comments?post=266465"}],"version-history":[{"count":0,"href":"https:\/\/www.pcnen.com\/portal\/wp-json\/wp\/v2\/posts\/266465\/revisions"}],"wp:featuredmedia":[{"embeddable":true,"href":"https:\/\/www.pcnen.com\/portal\/wp-json\/wp\/v2\/media\/266339"}],"wp:attachment":[{"href":"https:\/\/www.pcnen.com\/portal\/wp-json\/wp\/v2\/media?parent=266465"}],"wp:term":[{"taxonomy":"category","embeddable":true,"href":"https:\/\/www.pcnen.com\/portal\/wp-json\/wp\/v2\/categories?post=266465"},{"taxonomy":"post_tag","embeddable":true,"href":"https:\/\/www.pcnen.com\/portal\/wp-json\/wp\/v2\/tags?post=266465"}],"curies":[{"name":"wp","href":"https:\/\/api.w.org\/{rel}","templated":true}]}}