{"id":266462,"date":"2019-05-21T06:53:59","date_gmt":"2019-05-21T04:53:59","guid":{"rendered":"http:\/\/www.pcnen.com\/portal\/?p=266462"},"modified":"2019-05-21T07:00:13","modified_gmt":"2019-05-21T05:00:13","slug":"odupri-se-za-nezavisnost-od-koverti","status":"publish","type":"post","link":"https:\/\/www.pcnen.com\/portal\/2019\/05\/21\/odupri-se-za-nezavisnost-od-koverti\/","title":{"rendered":"Odupri se &#8216;Za nezavisnost od koverti&#8217;"},"content":{"rendered":"<p><img loading=\"lazy\" decoding=\"async\" class=\"size-medium wp-image-266463 alignleft\" src=\"http:\/\/www.pcnen.com\/portal\/wp-content\/uploads\/2019\/05\/oduprise-koverat-300x225.jpg\" alt=\"\" width=\"300\" height=\"225\" \/>Trojica \u010dlanova Organizacionog odbora gra\u0111anskog protesta <a href=\"https:\/\/www.facebook.com\/oduprisecg\/\" target=\"_blank\" rel=\"noopener\">&#8216;Odupri se&#8217;<\/a> su pozvali gra\u0111ane\/gra\u0111anke i opozicione poslanike\/ce koji su potpisali &#8216;Sporazum za budu\u0107nost&#8217; da danas, 21. maja, na Dan nezavisnosti, do\u0111u na plato ispred zgrade Skup\u0161tine Crne Gore i ponove svoju odlu\u010dnost u borbi za smjenu nedemokratskog re\u017eima i otvaranje perspektive za demokratske promjene.<\/p>\n<p>Protestni skup je nazvan &#8220;Za nezavisnost od koverti&#8221; i njegov po\u010detak je predvi\u0111en za 20.00 sati.<\/p>\n<p>&#8220;Ne odustajemo od borbe za slobodnu Crnu Goru zajedno sa svima vama koji prepoznajete va\u017enost aktivnog u\u010de\u0161\u0107a u promjenama koje dolaze. Nenasilna borba nema alternativu. Iskustva u ratovanju, ubistvima, torturama, brutalnostima su na strani \u0110ukanovi\u0107a i tu mu odajemo priznanje, jer mu nema ravnog u Crnoj Gori&#8221;, kazao je, u video izjavi objavljenoj na FB stranici pokreta, Nikola Grdini\u0107, napominju\u0107i da je &#8220;ulica jo\u0161 jedina slobodna institucija&#8221;.<\/p>\n<p>Omer \u0160arki\u0107 je, u istom videu, kazao da su Grdini\u0107, on i D\u017eemal Perovi\u0107 minule sedmice boravili u Briselu, gdje su se sreli sa predstavnicima tamo\u0161nje evropske administracije, &#8220;onim dijelom koji ima razumijevanje&#8221; i &#8220;koji pomno prati de\u0161avanja kod nas&#8221;. On je kazao da probleme u Crnoj Gori treba da rje\u0161avaju gra\u0111ani &#8220;svojom uporno\u0161\u0107u, a ne niko sa strane&#8221;.<\/p>\n<p>&#8220;O\u010dekujemo da nam se pridru\u017ee svi slobodni gra\u0111ani koji \u017eele nezavisnu dr\u017eavu bez koverti, bez organizovanog kriminala i korupcije, jer gra\u0111ani su suvereni i njihovo je pravo da se bore protiv vlade i predsjednika koji vladaju korupcijom i organizovanim kriminalom&#8221;, poru\u010dio je D\u017eemal Perovi\u0107.<\/p>\n<p>On je rekao da &#8216;Odupri se&#8217; o\u010dekuje da &#8220;rame uz rame sa gra\u0111anima budu svi potpisnici koji su svojim moralnim i politi\u010dkim kredibilitetom garantovali da \u0107e se zalagati za principe i realizaciju ciljeva iz Sporazuma o budu\u0107nosti&#8221;.<\/p>\n","protected":false},"excerpt":{"rendered":"<p>Perovi\u0107: &#8220;O\u010dekujemo da rame uz rame sa gra\u0111anima budu svi potpisnici koji su svojim moralnim i politi\u010dkim kredibilitetom garantovali da \u0107e se zalagati za principe i realizaciju ciljeva iz Sporazuma o budu\u0107nosti&#8221;<\/p>\n","protected":false},"author":1,"featured_media":0,"comment_status":"open","ping_status":"closed","sticky":false,"template":"","format":"standard","meta":{"_seopress_robots_primary_cat":"","_seopress_titles_title":"","_seopress_titles_desc":"","_seopress_robots_index":"","_et_pb_use_builder":"","_et_pb_old_content":"","_et_gb_content_width":"","inline_featured_image":false,"footnotes":""},"categories":[14,12],"tags":[],"class_list":["post-266462","post","type-post","status-publish","format-standard","hentry","category-vijesti","category-prica-dana"],"_links":{"self":[{"href":"https:\/\/www.pcnen.com\/portal\/wp-json\/wp\/v2\/posts\/266462","targetHints":{"allow":["GET"]}}],"collection":[{"href":"https:\/\/www.pcnen.com\/portal\/wp-json\/wp\/v2\/posts"}],"about":[{"href":"https:\/\/www.pcnen.com\/portal\/wp-json\/wp\/v2\/types\/post"}],"author":[{"embeddable":true,"href":"https:\/\/www.pcnen.com\/portal\/wp-json\/wp\/v2\/users\/1"}],"replies":[{"embeddable":true,"href":"https:\/\/www.pcnen.com\/portal\/wp-json\/wp\/v2\/comments?post=266462"}],"version-history":[{"count":0,"href":"https:\/\/www.pcnen.com\/portal\/wp-json\/wp\/v2\/posts\/266462\/revisions"}],"wp:attachment":[{"href":"https:\/\/www.pcnen.com\/portal\/wp-json\/wp\/v2\/media?parent=266462"}],"wp:term":[{"taxonomy":"category","embeddable":true,"href":"https:\/\/www.pcnen.com\/portal\/wp-json\/wp\/v2\/categories?post=266462"},{"taxonomy":"post_tag","embeddable":true,"href":"https:\/\/www.pcnen.com\/portal\/wp-json\/wp\/v2\/tags?post=266462"}],"curies":[{"name":"wp","href":"https:\/\/api.w.org\/{rel}","templated":true}]}}