{"id":266367,"date":"2019-05-19T16:28:13","date_gmt":"2019-05-19T14:28:13","guid":{"rendered":"http:\/\/www.pcnen.com\/portal\/?p=266367"},"modified":"2019-05-23T09:06:44","modified_gmt":"2019-05-23T07:06:44","slug":"sinjajevina-da-bude-park-prirode-a-ne-vojno-trkaliste","status":"publish","type":"post","link":"https:\/\/www.pcnen.com\/portal\/2019\/05\/19\/sinjajevina-da-bude-park-prirode-a-ne-vojno-trkaliste\/","title":{"rendered":"Park prirode, a ne vojno trkali\u0161te"},"content":{"rendered":"<p>Kod crkve Ru\u017eice na Sinjajevini danas je odr\u017ean protestni skup sa koga su gra\u0111ani i civilni aktivisti poru\u010dili dr\u017eavnim i vojnim vlastima da odustanu od ideje o gradnji vojnog poligona na ovoj planini.<\/p>\n<div id=\"attachment_266404\" style=\"width: 310px\" class=\"wp-caption alignleft\"><img loading=\"lazy\" decoding=\"async\" aria-describedby=\"caption-attachment-266404\" class=\"size-medium wp-image-266404\" src=\"http:\/\/www.pcnen.com\/portal\/wp-content\/uploads\/2019\/05\/Crkva-Ruzica-protest-300x300.jpg\" alt=\"\" width=\"300\" height=\"300\" srcset=\"https:\/\/www.pcnen.com\/portal\/wp-content\/uploads\/2019\/05\/Crkva-Ruzica-protest-300x300.jpg 300w, https:\/\/www.pcnen.com\/portal\/wp-content\/uploads\/2019\/05\/Crkva-Ruzica-protest-150x150.jpg 150w, https:\/\/www.pcnen.com\/portal\/wp-content\/uploads\/2019\/05\/Crkva-Ruzica-protest-50x50.jpg 50w, https:\/\/www.pcnen.com\/portal\/wp-content\/uploads\/2019\/05\/Crkva-Ruzica-protest-235x235.jpg 235w, https:\/\/www.pcnen.com\/portal\/wp-content\/uploads\/2019\/05\/Crkva-Ruzica-protest-75x75.jpg 75w, https:\/\/www.pcnen.com\/portal\/wp-content\/uploads\/2019\/05\/Crkva-Ruzica-protest.jpg 350w, https:\/\/www.pcnen.com\/portal\/wp-content\/uploads\/2019\/05\/Crkva-Ruzica-protest-70x70.jpg 70w, https:\/\/www.pcnen.com\/portal\/wp-content\/uploads\/2019\/05\/Crkva-Ruzica-protest-220x220.jpg 220w, https:\/\/www.pcnen.com\/portal\/wp-content\/uploads\/2019\/05\/Crkva-Ruzica-protest-144x144.jpg 144w\" sizes=\"(max-width: 300px) 100vw, 300px\" \/><p id=\"caption-attachment-266404\" class=\"wp-caption-text\">Protest kod crkve Ru\u017eice\/Foto: Vuk Vujisi\u0107<\/p><\/div>\n<p>Glavna poruka je bila da se Sinjajevina proglasi parkom prirode i da se na njoj ne smiju graditi nikakvi vojni objekti ili bilo \u0161ta 9drugo \u0161to bi ugrozilo njenu prirodu i pija\u0107e vode.<\/p>\n<p>Uprkos lo\u0161em makadamskom <img loading=\"lazy\" decoding=\"async\" class=\"alignright size-medium wp-image-246587\" src=\"http:\/\/www.pcnen.com\/portal\/wp-content\/uploads\/2018\/05\/Sinjajevina-300x200.jpg\" alt=\"\" width=\"300\" height=\"200\" \/>putu, okupilo se oko 500 ljudi,\u00a0 20-tak policajaca i veliki broj novinara, javlja za PCNEN Vuk Vujisi\u0107 iz Studentske inicijative.<\/p>\n<p>&#8220;Ne damo Sinjajevinu&#8221;, &#8220;\u010cije su ovce toga je i planina&#8230;&#8221;, bile su neke od poruka govornuka. Oni su kazali da nemaju ni\u0161ta protiv VSCG, ali da imaju protiv namjere da jedan ovakav prostor, od kojeg zavise mnoge porodice i poljoprivrednici, napravi poligon koji katunjani i mje\u0161tani vi\u0161e ne bi mogli da koriste. Poru\u010dili su da se zala\u017eu za ekolo\u0161ku Sinjajevinu i ekolo\u0161ku Crnu Goru.<\/p>\n<p><iframe loading=\"lazy\" title=\"Crna Gora: Protest protiv vojnog poligona na planini\" width=\"1080\" height=\"608\" src=\"https:\/\/www.youtube.com\/embed\/ScQga8lQ404?feature=oembed\" frameborder=\"0\" allow=\"accelerometer; autoplay; clipboard-write; encrypted-media; gyroscope; picture-in-picture; web-share\" allowfullscreen><\/iframe><\/p>\n<p>Na protestnom skupu su govorili predstavnici udru\u017eenja koja su ga\u00a0<a href=\"http:\/\/www.pcnen.com\/portal\/2019\/05\/10\/protiv-militarizacije-sinjavine\/\">zakazala, <\/a>ali i drugih.<\/p>\n<p>Osim govornika, protest su prisustvom podr\u017eali predstavnici pokreta ODUPRISE, predsjednik URA poslanik Dritan Abazovi\u0107, \u010danovi\/ce Studentske inicijative, Udru\u017eenja planinara, kao i brojni gra\u0111anski aktivisti.<\/p>\n<div id=\"attachment_266405\" style=\"width: 310px\" class=\"wp-caption alignleft\"><img loading=\"lazy\" decoding=\"async\" aria-describedby=\"caption-attachment-266405\" class=\"size-medium wp-image-266405\" src=\"http:\/\/www.pcnen.com\/portal\/wp-content\/uploads\/2019\/05\/Sinjajevina-no-pasaran-300x217.jpg\" alt=\"\" width=\"300\" height=\"217\" \/><p id=\"caption-attachment-266405\" class=\"wp-caption-text\">No pasaran\/Foto: Vuk Vujisi\u0107<\/p><\/div>\n<p>Nakon govora, bila je uprili\u010dena gozba za sve prisutne. Slu\u017eeni su doma\u0107i proizvodi sto\u010dara iz Bjelopavli\u0107a.<\/p>\n<p>Prije nego je militaristi\u010dki resor u Vladi Crne Gore bacio oko na Sinjajevinu kao podesnu za vje\u017ebovne aktivnosti, op\u0161tina Mojkovac je (prije dvije godine) bila nosilac projekta za uspostavljanje Regionalnog parka Sinjajevina, planiranog istoimenim projektom koji finansira Delegacija Evropske Unije u Crnoj Gori kroz me\u0111uop\u0161tinski razvojni grant program. Partneske op\u0161tine su bile Danilovgrad, Kola\u0161in, \u017dabljak i \u0160avnik koje teritorijalno i tradicionalno dijele prostor Sinjajevine.<\/p>\n<p>Prilikom promocije ovog projekta, poru\u010deno je da \u0107e Sinjajevina, realizacijom ovog projekta, postoje\u0107im poljoprivrednicima omogu\u0107iti\u00a0 bolje uslove, ali i privu\u0107i nove sto\u010dare i p\u010delare, s obzirom na to da za razvoj ovih\u00a0 grana poljoprivrede teren Sinjajevine pru\u017ea odli\u010dne predispozicije.<\/p>\n<p>U budu\u0107em Regionalnom parku Sinjajevima bila su predvi\u0111ena dva re\u017eima za\u0161tite \u2013 re\u017eim za\u0161tite II stepena (aktivna za\u0161tita) i re\u017eim za\u0161tite III stepena (odr\u017eiva za\u0161tita).<\/p>\n","protected":false},"excerpt":{"rendered":"<p>Kod crkve Ru\u017eice na Sinjajevini danas je odr\u017ean protestni skup sa koga su gra\u0111ani i civilni aktivisti poru\u010dili dr\u017eavnim i vojnim vlastima da odustanu od ideje o gradnji vojnog poligona na ovoj planini. Glavna poruka je bila da se Sinjajevina proglasi parkom prirode i da se na njoj ne smiju graditi nikakvi vojni objekti ili [&hellip;]<\/p>\n","protected":false},"author":1,"featured_media":0,"comment_status":"open","ping_status":"closed","sticky":false,"template":"","format":"standard","meta":{"_seopress_robots_primary_cat":"","_seopress_titles_title":"","_seopress_titles_desc":"","_seopress_robots_index":"","_et_pb_use_builder":"","_et_pb_old_content":"","_et_gb_content_width":"","inline_featured_image":false,"footnotes":""},"categories":[14,12],"tags":[],"class_list":["post-266367","post","type-post","status-publish","format-standard","hentry","category-vijesti","category-prica-dana"],"_links":{"self":[{"href":"https:\/\/www.pcnen.com\/portal\/wp-json\/wp\/v2\/posts\/266367","targetHints":{"allow":["GET"]}}],"collection":[{"href":"https:\/\/www.pcnen.com\/portal\/wp-json\/wp\/v2\/posts"}],"about":[{"href":"https:\/\/www.pcnen.com\/portal\/wp-json\/wp\/v2\/types\/post"}],"author":[{"embeddable":true,"href":"https:\/\/www.pcnen.com\/portal\/wp-json\/wp\/v2\/users\/1"}],"replies":[{"embeddable":true,"href":"https:\/\/www.pcnen.com\/portal\/wp-json\/wp\/v2\/comments?post=266367"}],"version-history":[{"count":0,"href":"https:\/\/www.pcnen.com\/portal\/wp-json\/wp\/v2\/posts\/266367\/revisions"}],"wp:attachment":[{"href":"https:\/\/www.pcnen.com\/portal\/wp-json\/wp\/v2\/media?parent=266367"}],"wp:term":[{"taxonomy":"category","embeddable":true,"href":"https:\/\/www.pcnen.com\/portal\/wp-json\/wp\/v2\/categories?post=266367"},{"taxonomy":"post_tag","embeddable":true,"href":"https:\/\/www.pcnen.com\/portal\/wp-json\/wp\/v2\/tags?post=266367"}],"curies":[{"name":"wp","href":"https:\/\/api.w.org\/{rel}","templated":true}]}}