{"id":266355,"date":"2019-05-18T21:52:54","date_gmt":"2019-05-18T19:52:54","guid":{"rendered":"http:\/\/www.pcnen.com\/portal\/?p=266355"},"modified":"2019-05-18T21:52:54","modified_gmt":"2019-05-18T19:52:54","slug":"duzi-suncani-intervali-19","status":"publish","type":"post","link":"https:\/\/www.pcnen.com\/portal\/2019\/05\/18\/duzi-suncani-intervali-19\/","title":{"rendered":"Du\u017ei sun\u010dani intervali"},"content":{"rendered":"<p><img loading=\"lazy\" decoding=\"async\" class=\"alignright size-medium wp-image-265836\" src=\"http:\/\/www.pcnen.com\/portal\/wp-content\/uploads\/2019\/05\/Sinjajevina-300x225.jpg\" alt=\"\" width=\"300\" height=\"225\" \/>Promjenljivo obla\u010dno sa du\u017eim sun\u010danim intervalima bi\u0107e u nedjelju u Crnoj Gori.<\/p>\n<p>Na sjeveru zemlje \u0107e ujutru biti magla ili sumaglica po kotlinama.<\/p>\n<p>U ju\u017enim i centralnim krajevima \u0107e popodne, a ponegdje i tokom no\u0107i, mjestimi\u010dno biti ki\u0161e ili pljuska i grmljavine.<\/p>\n<p>Vjetar s juga bi\u0107e mjestimi\u010dno umjeren do poja\u010dan.<\/p>\n<p>Jutarnja temperatura vazduha bi\u0107e u intervalu od 4 do 13, a najvi\u0161a dnevna od 18 do 26 stepeni.<\/p>\n<p>U Podgorici \u0107e biti promjenljivo obla\u010dno sa du\u017eim sun\u010danim intervalima. Ki\u0161e ili pljuska i grmljavine bi\u0107e povremeno uglavnom krajem dana i tokom no\u0107i. Vjetar ju\u017eni i jugoisto\u010dni bi\u0107e slab do umjeren. Jutarnja temperatura vazduha bi\u0107e oko 12, a najvi\u0161a dnevna do 26 stepeni.<\/p>\n<p><a href=\"http:\/\/www.meteo.co.me\/misc.php?text=121&amp;sektor=1&amp;grad=PLJ\">Prognoza za ostale gradove.<\/a><\/p>\n","protected":false},"excerpt":{"rendered":"<p>U ju\u017enim i centralnim krajevima Crne Gore \u0107e popodne, a ponegdje i tokom no\u0107i, mjestimi\u010dno biti ki\u0161e ili pljuska i grmljavine<\/p>\n","protected":false},"author":1,"featured_media":0,"comment_status":"open","ping_status":"closed","sticky":false,"template":"","format":"standard","meta":{"_seopress_robots_primary_cat":"","_seopress_titles_title":"","_seopress_titles_desc":"","_seopress_robots_index":"","_et_pb_use_builder":"","_et_pb_old_content":"","_et_gb_content_width":"","inline_featured_image":false,"footnotes":""},"categories":[14,12],"tags":[],"class_list":["post-266355","post","type-post","status-publish","format-standard","hentry","category-vijesti","category-prica-dana"],"_links":{"self":[{"href":"https:\/\/www.pcnen.com\/portal\/wp-json\/wp\/v2\/posts\/266355","targetHints":{"allow":["GET"]}}],"collection":[{"href":"https:\/\/www.pcnen.com\/portal\/wp-json\/wp\/v2\/posts"}],"about":[{"href":"https:\/\/www.pcnen.com\/portal\/wp-json\/wp\/v2\/types\/post"}],"author":[{"embeddable":true,"href":"https:\/\/www.pcnen.com\/portal\/wp-json\/wp\/v2\/users\/1"}],"replies":[{"embeddable":true,"href":"https:\/\/www.pcnen.com\/portal\/wp-json\/wp\/v2\/comments?post=266355"}],"version-history":[{"count":0,"href":"https:\/\/www.pcnen.com\/portal\/wp-json\/wp\/v2\/posts\/266355\/revisions"}],"wp:attachment":[{"href":"https:\/\/www.pcnen.com\/portal\/wp-json\/wp\/v2\/media?parent=266355"}],"wp:term":[{"taxonomy":"category","embeddable":true,"href":"https:\/\/www.pcnen.com\/portal\/wp-json\/wp\/v2\/categories?post=266355"},{"taxonomy":"post_tag","embeddable":true,"href":"https:\/\/www.pcnen.com\/portal\/wp-json\/wp\/v2\/tags?post=266355"}],"curies":[{"name":"wp","href":"https:\/\/api.w.org\/{rel}","templated":true}]}}