{"id":266343,"date":"2019-05-18T19:14:43","date_gmt":"2019-05-18T17:14:43","guid":{"rendered":"http:\/\/www.pcnen.com\/portal\/?p=266343"},"modified":"2019-05-18T19:14:43","modified_gmt":"2019-05-18T17:14:43","slug":"selakovic-brutalne-lazi-o-susretu-vucica-sa-vladikama","status":"publish","type":"post","link":"https:\/\/www.pcnen.com\/portal\/2019\/05\/18\/selakovic-brutalne-lazi-o-susretu-vucica-sa-vladikama\/","title":{"rendered":"Selakovi\u0107: Brutalne la\u017ei o susretu Vu\u010di\u0107a sa vladikama"},"content":{"rendered":"<p>Generalni sekretar predsjednika Srbije Nikola Selakovi\u0107, odbacio je danas kao &#8220;najbrutalnije la\u017ei i neistine&#8221; navode u tekstu Vijesti pod naslovom <a href=\"http:\/\/www.pcnen.com\/portal\/2019\/05\/18\/amfilohije-i-vucic-kreator-drzavnog-udara\/\">Sukob Amfilohija i Vu\u010di\u0107a oko dr\u017eavnog udara.<\/a><br \/>\n&#8220;To su najbrutalnije i najmonstruoznije la\u017ei i neistine koje je ikada iko mogao da objavi, a pogotovo kada je u pitanju odnos na\u0161e dr\u017eave, dr\u017eave Srbije i SPC&#8221;, poru\u010dio je Selakovi\u0107 u izjavi za Tanjug.<\/p>\n<p>On ka\u017ee da je u obavezi da reaguje kao \u010dovjek koji je prisustvovao sastanku predsjednika Srbije sa vladikama i \u010dlanovima Svetog arhijerejskog Sabora i kao neko ko je predsjednikov blizak saradnik, navode\u0107i da ne pamti da je ikada pro\u010ditao brutalnije i ve\u0107e la\u017ei objavljene o jednom doga\u0111aju \u010diji je bio svjedok, a kome, kako navodi, mo\u017ee da posvjedo\u010di jo\u0161 oko 50 ljudi koji su bili prisutni.<\/p>\n<p>Prema Selakovi\u0107evim rije\u010dima, u tekstu Vijesti gotovo da ne postoji nijedan jedini pasus, nijedna re\u010denica, &#8220;u kojoj nema la\u017ei, u kojoj nema neistine.&#8221;<\/p>\n<p>&#8220;A istina je potpuno suprotna od onoga \u0161to je u tom tekstu navedeno. Istina je da je predsjednik Vu\u010di\u0107 do\u0161ao da razgovara sa vladikama na\u0161e crkve i patrijarhom, da je nekoliko najmanje pet puta u toku toga sastanka rekao da je do\u0161ao ne da bilo \u0161ta tra\u017ei, ve\u0107 naprotiv da odgovara na njihova pitanja, da razmjenjuje argumente i govori o poziciji na\u0161e dr\u017eave po pitanju najva\u017enijeg dr\u017eavnog pitanja, a to je Kosovo i Metohija&#8221;, ukazao je Selakovi\u0107.<\/p>\n<p>Vladike, kako je rekao, nisu bile jedinstvene u svom stavu i nastupali su sa druga\u010dijim pitanjima, sa druga\u010dijim stavovima, ali, kako ka\u017ee, &#8220;daleko od toga da je tu bilo gluposti koje su pomenute, kao \u0161to je mahanje nekim papirima iz tajnih, odnosno slu\u017ebi bezbjednosti, da je tu bilo povi\u0161avanja tona ili prozivki po onim osnovama koje su navedene u ovom tekstu&#8221;.<\/p>\n<p>Selakovi\u0107 obja\u0161njava da je istina da je Vu\u010di\u0107 od papira izvadio Rezoluciju 1244 i pravilno je citirao, jer se pokazalo da oni koji su je citirali nisu u njenu sadr\u017einu upu\u0107eni ili vjerovatno nisu ni pro\u010ditali.<\/p>\n<p>Tako\u0111e, kako navodi, Vu\u010di\u0107 je od papira vadio i Briselski sporazum, jer je neko od prisutnih rekao da je Briselskim sporazumom ukinuta svaka srpska \u0161kola, svaka ambulanta, ili svaki vrti\u0107 na Kosovu ju\u017eno od Ibra.<\/p>\n<p>&#8220;To je potpuno neta\u010dno pa ih je argumentima, onim \u0161to pi\u0161e u Briselskom sporazumu uvjeravao u potpuno suprotno, kao i izve\u0161tajem o tome koliko je dr\u017eava Srbija od 2014. godine kada je Vu\u010di\u0107 postao predsjednik Vlade ulagala i koliko ula\u017ee u Kosovo i Metohiju, a u cilju da odr\u017ei na KiM i na\u0161 narod i na\u0161u crkvu i na odre\u0111eni na\u010din preko njih i prisustvo na\u0161e dr\u017eave&#8221;, prenosi Selakovi\u0107.<\/p>\n<p>On ocjenjuje da je sve ostalo \u0161to je re\u010deno u tekstu Vijesti pisano o\u010digledno sa ciljem da sva\u0111a srpsku dr\u017eavu i srpsku crkvu, da sije razdor me\u0111u onima koji treba da budu jedinstveni &#8220;kada se borimo protiv onoga te\u0161kog bremena koje je naslije\u0111eno iz pro\u0161losti.&#8221;<\/p>\n<p>&#8220;A naj\u017ealosnije je \u0161to ovakvi tekstovi upravo dolaze od \u0110ilasa i \u0110ilasovog kuma, onih koji bi da iskoriste i srpsku crkvu u obra\u010dunu sa politikom koja im je oduzela ogromne privilegije, koja im je onemogu\u0107ila da na vlasti sti\u010du po 500 miliona eura prometa svojih firmi dok obavljaju visoke dr\u017eavne funkcije i da na takav na\u010din pune svoje d\u017eepove, li\u010dno se bogate, apsolutno ne mare\u0107i ni za interese naroda ni za interese dr\u017eave&#8221;, ocijenio je Selakovi\u0107.<\/p>\n<p>On je rekao i da upravo zbog takvih ljudi, koji su na takav na\u010din zloupotrebljavali i dr\u017eavu, koji na ovakav na\u010din \u017eele da zloupotrebaljavaju i crkvu &#8220;imamo dodatne motive da se borimo za Srbiju u kojoj \u0107emo se baviti i njenom privredom, u kojoj \u0107emo se baviti standardom na\u0161ih gra\u0111ana, u kojoj \u0107emo se baviti boljim polo\u017eajem na\u0161e dr\u017eave i u regionu i u inostranstu, kako bismo najte\u017ea pitanja i najte\u017ee probleme rje\u0161avali na najbolji mogu\u0107i na\u010din&#8221;.<\/p>\n","protected":false},"excerpt":{"rendered":"<p>Generalni sekretar predsjednika Srbije Nikola Selakovi\u0107, odbacio je danas kao &#8220;najbrutalnije la\u017ei i neistine&#8221; navode u tekstu Vijesti pod naslovom Sukob Amfilohija i Vu\u010di\u0107a oko dr\u017eavnog udara. &#8220;To su najbrutalnije i najmonstruoznije la\u017ei i neistine koje je ikada iko mogao da objavi, a pogotovo kada je u pitanju odnos na\u0161e dr\u017eave, dr\u017eave Srbije i SPC&#8221;, [&hellip;]<\/p>\n","protected":false},"author":1,"featured_media":0,"comment_status":"open","ping_status":"closed","sticky":false,"template":"","format":"standard","meta":{"_seopress_robots_primary_cat":"","_seopress_titles_title":"","_seopress_titles_desc":"","_seopress_robots_index":"","_et_pb_use_builder":"","_et_pb_old_content":"","_et_gb_content_width":"","inline_featured_image":false,"footnotes":""},"categories":[14],"tags":[],"class_list":["post-266343","post","type-post","status-publish","format-standard","hentry","category-vijesti"],"_links":{"self":[{"href":"https:\/\/www.pcnen.com\/portal\/wp-json\/wp\/v2\/posts\/266343","targetHints":{"allow":["GET"]}}],"collection":[{"href":"https:\/\/www.pcnen.com\/portal\/wp-json\/wp\/v2\/posts"}],"about":[{"href":"https:\/\/www.pcnen.com\/portal\/wp-json\/wp\/v2\/types\/post"}],"author":[{"embeddable":true,"href":"https:\/\/www.pcnen.com\/portal\/wp-json\/wp\/v2\/users\/1"}],"replies":[{"embeddable":true,"href":"https:\/\/www.pcnen.com\/portal\/wp-json\/wp\/v2\/comments?post=266343"}],"version-history":[{"count":0,"href":"https:\/\/www.pcnen.com\/portal\/wp-json\/wp\/v2\/posts\/266343\/revisions"}],"wp:attachment":[{"href":"https:\/\/www.pcnen.com\/portal\/wp-json\/wp\/v2\/media?parent=266343"}],"wp:term":[{"taxonomy":"category","embeddable":true,"href":"https:\/\/www.pcnen.com\/portal\/wp-json\/wp\/v2\/categories?post=266343"},{"taxonomy":"post_tag","embeddable":true,"href":"https:\/\/www.pcnen.com\/portal\/wp-json\/wp\/v2\/tags?post=266343"}],"curies":[{"name":"wp","href":"https:\/\/api.w.org\/{rel}","templated":true}]}}