{"id":266338,"date":"2019-05-18T17:45:33","date_gmt":"2019-05-18T15:45:33","guid":{"rendered":"http:\/\/www.pcnen.com\/portal\/?p=266338"},"modified":"2019-05-18T17:49:25","modified_gmt":"2019-05-18T15:49:25","slug":"protest-bukovica-nije-za-cijevi-odbij","status":"publish","type":"post","link":"https:\/\/www.pcnen.com\/portal\/2019\/05\/18\/protest-bukovica-nije-za-cijevi-odbij\/","title":{"rendered":"Protest: Bukovica nije za cijevi. Odbij!"},"content":{"rendered":"<div id=\"attachment_266339\" style=\"width: 310px\" class=\"wp-caption alignright\"><img loading=\"lazy\" decoding=\"async\" aria-describedby=\"caption-attachment-266339\" class=\"size-medium wp-image-266339\" src=\"http:\/\/www.pcnen.com\/portal\/wp-content\/uploads\/2019\/05\/Bukovica-prptest-300x144.jpeg\" alt=\"\" width=\"300\" height=\"144\" \/><p id=\"caption-attachment-266339\" class=\"wp-caption-text\">Foto: Svetlana Mandi\u0107, Vijesti<\/p><\/div>\n<p>Vi\u0161e desetina mje\u0161tana sela u dolini rijeke Bukovice i okoline, gra\u0111ana iz drugih crnogorskih krajeva i civilnih aktivista je danas, sa obale ugro\u017eene rijeke, poru\u010dilo vlastima da poni\u0161te koncesije za gradnju dvije mini &#8211; hidroelektrane na rijeci Bukovici, jer investitorima, ina\u010de, ne\u0107e biti dozvoljeno da grade.<\/p>\n<p>Lokalno stanovni\u0161tvo je ponovo demonstriralo odlu\u010dnost da ne dozvoli stavljanje rijeke u cijevi za potrebe mini-hodroelektrana koje\u00a0 treba da gradi brat od ujaka predsjednika dr\u017eave Mila \u0110ukanovi\u0107a i njegov ortak. Oni su najavili nastavak cjelodnevnih stra\u017ea.<\/p>\n<p>Prije nekoliko dana, uprkos protivljenju mje\u0161tana, po\u010deli su radovi na pristupnim putevima i to, kako se ispostavilo, kroz privatnu imovinu porodice Zekovi\u0107, za \u0161ta ne postoji dozvola. Lokalno stanovni\u0161tvo je <a href=\"https:\/\/www.facebook.com\/NVO-Ekolo%C5%A1ki-Pokret-Donja-Bukovica-251352465798059\/\">brzo reagovalo i sprije\u010dilo dalje radove<\/a>, ali i alarmiralo javnost o nasilju investitora.<\/p>\n<p>Nevladina organizacija Green Home je ovih dana crnogorskom parlamentu <a href=\"http:\/\/www.pcnen.com\/portal\/2019\/05\/15\/zahtjev-parlamentu-uvesti-trajni-moratorijum-na-izgradnju-malih-hidroelektrana\/\">predala peticiju<\/a> kojom se tra\u017ei stavljanje moratorijuma na gradnju mini-hidroelektrana.<\/p>\n<p>&nbsp;<\/p>\n<p>&nbsp;<\/p>\n","protected":false},"excerpt":{"rendered":"<p>Sa protesta poru\u010deno vlastima da poni\u0161te koncesije za gradnju mini &#8211; hidroelektrana, jer investitorima, ina\u010de, ne\u0107e biti dozvoljeno da grade.<\/p>\n","protected":false},"author":1,"featured_media":266339,"comment_status":"open","ping_status":"closed","sticky":false,"template":"","format":"standard","meta":{"_seopress_robots_primary_cat":"","_seopress_titles_title":"","_seopress_titles_desc":"","_seopress_robots_index":"","_et_pb_use_builder":"","_et_pb_old_content":"","_et_gb_content_width":"","inline_featured_image":false,"footnotes":""},"categories":[14,12],"tags":[],"class_list":["post-266338","post","type-post","status-publish","format-standard","has-post-thumbnail","hentry","category-vijesti","category-prica-dana"],"_links":{"self":[{"href":"https:\/\/www.pcnen.com\/portal\/wp-json\/wp\/v2\/posts\/266338","targetHints":{"allow":["GET"]}}],"collection":[{"href":"https:\/\/www.pcnen.com\/portal\/wp-json\/wp\/v2\/posts"}],"about":[{"href":"https:\/\/www.pcnen.com\/portal\/wp-json\/wp\/v2\/types\/post"}],"author":[{"embeddable":true,"href":"https:\/\/www.pcnen.com\/portal\/wp-json\/wp\/v2\/users\/1"}],"replies":[{"embeddable":true,"href":"https:\/\/www.pcnen.com\/portal\/wp-json\/wp\/v2\/comments?post=266338"}],"version-history":[{"count":0,"href":"https:\/\/www.pcnen.com\/portal\/wp-json\/wp\/v2\/posts\/266338\/revisions"}],"wp:featuredmedia":[{"embeddable":true,"href":"https:\/\/www.pcnen.com\/portal\/wp-json\/wp\/v2\/media\/266339"}],"wp:attachment":[{"href":"https:\/\/www.pcnen.com\/portal\/wp-json\/wp\/v2\/media?parent=266338"}],"wp:term":[{"taxonomy":"category","embeddable":true,"href":"https:\/\/www.pcnen.com\/portal\/wp-json\/wp\/v2\/categories?post=266338"},{"taxonomy":"post_tag","embeddable":true,"href":"https:\/\/www.pcnen.com\/portal\/wp-json\/wp\/v2\/tags?post=266338"}],"curies":[{"name":"wp","href":"https:\/\/api.w.org\/{rel}","templated":true}]}}