{"id":266281,"date":"2019-05-17T20:16:09","date_gmt":"2019-05-17T18:16:09","guid":{"rendered":"http:\/\/www.pcnen.com\/portal\/?p=266281"},"modified":"2019-05-17T20:16:09","modified_gmt":"2019-05-17T18:16:09","slug":"oblaci-nece-sasvim-skriti-sunce","status":"publish","type":"post","link":"https:\/\/www.pcnen.com\/portal\/2019\/05\/17\/oblaci-nece-sasvim-skriti-sunce\/","title":{"rendered":"Oblaci ne\u0107e sasvim skriti sunce"},"content":{"rendered":"<p><img loading=\"lazy\" decoding=\"async\" class=\"alignright size-full wp-image-193091\" src=\"http:\/\/www.pcnen.com\/portal\/wp-content\/uploads\/2015\/11\/magla-sunce.jpg\" alt=\"\" width=\"259\" height=\"194\" \/>Promjenljivo obla\u010dno sa sun\u010danim intervalima bi\u0107e u subotu.<\/p>\n<p>Magle \u0107e ujutru biti po kotlinama na sjeveru Crne Gore.<\/p>\n<p>Vjetar ju\u017eni i jugoisto\u010dni \u00a0bi\u0107e mjestimi\u010dno umjeren do poja\u010dan.<\/p>\n<p>Jutarnja temperatura vazduha bi\u0107e u rasponu od 2 do 11, a najvi\u0161a dnevna od 16 do 25 stepeni.<\/p>\n<p>U Podgorici \u0107e biti promjenljivo obla\u010dno sa sun\u010danim intervalima. Jugoisto\u010dni vjetar bi\u0107e slab do umjeren. Jutarnja temperatura vazduha bi\u0107e oko 10, a najvi\u0161a dnevna do 25 stepeni.<\/p>\n<p><a href=\"http:\/\/www.meteo.co.me\/misc.php?text=121&amp;sektor=1&amp;grad=BIJ\">Prognoza za ostale gradove.<\/a><\/p>\n","protected":false},"excerpt":{"rendered":"<p>Vjetar ju\u017eni i jugoisto\u010dni  bi\u0107e mjestimi\u010dno umjeren do poja\u010dan<\/p>\n","protected":false},"author":1,"featured_media":0,"comment_status":"open","ping_status":"closed","sticky":false,"template":"","format":"standard","meta":{"_seopress_robots_primary_cat":"","_seopress_titles_title":"","_seopress_titles_desc":"","_seopress_robots_index":"","_et_pb_use_builder":"","_et_pb_old_content":"","_et_gb_content_width":"","inline_featured_image":false,"footnotes":""},"categories":[14,12],"tags":[],"class_list":["post-266281","post","type-post","status-publish","format-standard","hentry","category-vijesti","category-prica-dana"],"_links":{"self":[{"href":"https:\/\/www.pcnen.com\/portal\/wp-json\/wp\/v2\/posts\/266281","targetHints":{"allow":["GET"]}}],"collection":[{"href":"https:\/\/www.pcnen.com\/portal\/wp-json\/wp\/v2\/posts"}],"about":[{"href":"https:\/\/www.pcnen.com\/portal\/wp-json\/wp\/v2\/types\/post"}],"author":[{"embeddable":true,"href":"https:\/\/www.pcnen.com\/portal\/wp-json\/wp\/v2\/users\/1"}],"replies":[{"embeddable":true,"href":"https:\/\/www.pcnen.com\/portal\/wp-json\/wp\/v2\/comments?post=266281"}],"version-history":[{"count":0,"href":"https:\/\/www.pcnen.com\/portal\/wp-json\/wp\/v2\/posts\/266281\/revisions"}],"wp:attachment":[{"href":"https:\/\/www.pcnen.com\/portal\/wp-json\/wp\/v2\/media?parent=266281"}],"wp:term":[{"taxonomy":"category","embeddable":true,"href":"https:\/\/www.pcnen.com\/portal\/wp-json\/wp\/v2\/categories?post=266281"},{"taxonomy":"post_tag","embeddable":true,"href":"https:\/\/www.pcnen.com\/portal\/wp-json\/wp\/v2\/tags?post=266281"}],"curies":[{"name":"wp","href":"https:\/\/api.w.org\/{rel}","templated":true}]}}