{"id":266274,"date":"2019-05-17T16:24:52","date_gmt":"2019-05-17T14:24:52","guid":{"rendered":"http:\/\/www.pcnen.com\/portal\/?p=266274"},"modified":"2019-05-17T17:10:17","modified_gmt":"2019-05-17T15:10:17","slug":"od-1-jula-minimalac-222-eura","status":"publish","type":"post","link":"https:\/\/www.pcnen.com\/portal\/2019\/05\/17\/od-1-jula-minimalac-222-eura\/","title":{"rendered":"Od 1. jula minimalac 222 eura"},"content":{"rendered":"<p><img loading=\"lazy\" decoding=\"async\" src=\"http:\/\/www.pcnen.com\/portal\/wp-content\/uploads\/2012\/07\/euro-300x282.jpg\" alt=\"\" width=\"300\" height=\"282\" class=\"alignright size-medium wp-image-88132\" \/>Socijalni partneri su podr\u017eali predlog Vlade da minimalna zarada od 1. jula iznosi 222 eura, a do kraja godine \u0107e nastaviti pregovore o njenom pove\u0107anju do ciljanog iznosa, odnosno 50 odsto prosje\u010dne plate.<\/p>\n<p>Generalni sekretar Unije slobodnih sindikata (USSCG), Sr\u0111a Kekovi\u0107, kazao je da su socijalni partneri postigli konsenzus na dana\u0161njoj sjednici Socijalnog savjeta u vezi sa minimalnom zaradom.<\/p>\n<p>\u201eU vezi sa minimalnom zaradom saglasili smo se da podr\u017eimo predlog Vlade da minimalna zarada od 1. jula bude 222 eura, a da se do kraja godine nastave pregovori o pove\u0107anju minimalne zarade do onog na\u0161eg ciljanog iznosa, \u0161to je 50 odsto prosje\u010dne zarade u Crnoj Gori\u201c, rekao je Kekovi\u0107 nakon sjednice.<\/p>\n<p>On je dodao da \u0107e od 1. jula pratiti efekte pove\u0107anja minimalne zarade i prije nego se krene u pripremanje zakona o bud\u017eetu za narednu godinu da se u\u0111e u pregovore i nastavak tih pregovora u vezi sa dostizanjem one visine cijene minimalne zarade koja je preferirana, prenosi mina business.<\/p>\n<p>\u201eAnalizira\u0107e se efekti, a onda u\u0107i u pregovore. Do kraja godine \u0107emo imati jasan stav da li \u0107emo iza\u0111i na 50 odsto prosje\u010dne zarade. U ovom trenutku smo na\u0161li neku mjeru kompromisa\u201c, rekao je Kekovi\u0107.<\/p>\n<p>Socijalni partneri su u toku rasprave o izmjenama Zakona o penzijskom i invalidskom osiguranju (PIO), donijeli zaklju\u010dak da Ministarstvo rada i socijalnog staranja kao predlaga\u010d u drugom kvartalu uputi Vladi taj tekst na usvajanje u formi predloga.<\/p>\n<p>\u201ePrethodno \u0107e se obaviti rasprava na nivou Socijalnog savjeta, \u0161to je redovna procedura, tako da se o\u010dekuje vrlo brzo vanredna sjednica Socijalnog savjeta isklju\u010divo po pitanju usagla\u0161enog teksta izmjena i dopuna o PIO\u201c, naveo je Kekovi\u0107.<\/p>\n<p>On je kazao da se socijalni partneri nijesu usaglasili o uvo\u0111enju tarifnih paketa za elektri\u010dnu energiju, pri \u010demu \u0107e svako od njih saop\u0161titi svij stav i proslijediti ga Vladi i Elektroprivredi (EPCG).<\/p>\n<p>\u201eDva sindikata su bila protiv uvo\u0111enja tarifnih paketa, jer za gro doma\u0107instava oni, ipak, podrazumijevaju pove\u0107anje cijene elektri\u010dne energije. Mislimo da nije trenutak ni za kakvo pove\u0107anje, kao i da \u0107e se to odraziti na cijene robe i usluga, kako to uvijek biva kad poskupe energenti\u201c, kazao je Kekovi\u0107.<\/p>\n<p>Na sjednici je, kako je kazao, konstatovano da je bilo odre\u0111enih pomaka, jer se zahvaljuju\u0107i Socijalnom savjetu do\u0161lo do ukidanja takse za obnovljive izvore energije.<\/p>\n<p>\u201eTo \u0107e zna\u010dajno da balansira pove\u0107anje cijene elektri\u010dne energije i konstatovali smo da je to pove\u0107anje odlo\u017eeno, jer je u martu trebalo da stupi na snagu\u201c, dodao je Kekovi\u0107.<\/p>\n<p>On je, odgovaraju\u0107i na pitanje kada \u0107e biti naredna sjednica Socijalnog savjeta, kazao da \u0107e se ona zakazati u najkra\u0107em mogu\u0107em roku, mogu\u0107e i u narednih 15 dana.  <\/p>\n","protected":false},"excerpt":{"rendered":"<p>Socijalni partneri su podr\u017eali predlog Vlade da minimalna zarada od 1. jula iznosi 222 eura, a do kraja godine \u0107e nastaviti pregovore o njenom pove\u0107anju do ciljanog iznosa, odnosno 50 odsto prosje\u010dne plate. Generalni sekretar Unije slobodnih sindikata (USSCG), Sr\u0111a Kekovi\u0107, kazao je da su socijalni partneri postigli konsenzus na dana\u0161njoj sjednici Socijalnog savjeta u [&hellip;]<\/p>\n","protected":false},"author":1,"featured_media":0,"comment_status":"open","ping_status":"closed","sticky":false,"template":"","format":"standard","meta":{"_seopress_robots_primary_cat":"","_seopress_titles_title":"","_seopress_titles_desc":"","_seopress_robots_index":"","_et_pb_use_builder":"","_et_pb_old_content":"","_et_gb_content_width":"","inline_featured_image":false,"footnotes":""},"categories":[14,12],"tags":[],"class_list":["post-266274","post","type-post","status-publish","format-standard","hentry","category-vijesti","category-prica-dana"],"_links":{"self":[{"href":"https:\/\/www.pcnen.com\/portal\/wp-json\/wp\/v2\/posts\/266274","targetHints":{"allow":["GET"]}}],"collection":[{"href":"https:\/\/www.pcnen.com\/portal\/wp-json\/wp\/v2\/posts"}],"about":[{"href":"https:\/\/www.pcnen.com\/portal\/wp-json\/wp\/v2\/types\/post"}],"author":[{"embeddable":true,"href":"https:\/\/www.pcnen.com\/portal\/wp-json\/wp\/v2\/users\/1"}],"replies":[{"embeddable":true,"href":"https:\/\/www.pcnen.com\/portal\/wp-json\/wp\/v2\/comments?post=266274"}],"version-history":[{"count":0,"href":"https:\/\/www.pcnen.com\/portal\/wp-json\/wp\/v2\/posts\/266274\/revisions"}],"wp:attachment":[{"href":"https:\/\/www.pcnen.com\/portal\/wp-json\/wp\/v2\/media?parent=266274"}],"wp:term":[{"taxonomy":"category","embeddable":true,"href":"https:\/\/www.pcnen.com\/portal\/wp-json\/wp\/v2\/categories?post=266274"},{"taxonomy":"post_tag","embeddable":true,"href":"https:\/\/www.pcnen.com\/portal\/wp-json\/wp\/v2\/tags?post=266274"}],"curies":[{"name":"wp","href":"https:\/\/api.w.org\/{rel}","templated":true}]}}