{"id":266269,"date":"2019-05-17T15:59:00","date_gmt":"2019-05-17T13:59:00","guid":{"rendered":"http:\/\/www.pcnen.com\/portal\/?p=266269"},"modified":"2019-05-17T16:00:58","modified_gmt":"2019-05-17T14:00:58","slug":"panel-ostajemo-li-ovdje","status":"publish","type":"post","link":"https:\/\/www.pcnen.com\/portal\/2019\/05\/17\/panel-ostajemo-li-ovdje\/","title":{"rendered":"Panel: Ostajemo li ovdje?"},"content":{"rendered":"<p><img loading=\"lazy\" decoding=\"async\" class=\"alignright size-medium wp-image-266270\" src=\"http:\/\/www.pcnen.com\/portal\/wp-content\/uploads\/2019\/05\/Ostajemo-li-ovdje-300x201.jpg\" alt=\"\" width=\"300\" height=\"201\" srcset=\"https:\/\/www.pcnen.com\/portal\/wp-content\/uploads\/2019\/05\/Ostajemo-li-ovdje-300x201.jpg 300w, https:\/\/www.pcnen.com\/portal\/wp-content\/uploads\/2019\/05\/Ostajemo-li-ovdje-235x157.jpg 235w, https:\/\/www.pcnen.com\/portal\/wp-content\/uploads\/2019\/05\/Ostajemo-li-ovdje-75x50.jpg 75w, https:\/\/www.pcnen.com\/portal\/wp-content\/uploads\/2019\/05\/Ostajemo-li-ovdje.jpg 350w, https:\/\/www.pcnen.com\/portal\/wp-content\/uploads\/2019\/05\/Ostajemo-li-ovdje-220x147.jpg 220w\" sizes=\"(max-width: 300px) 100vw, 300px\" \/>Mlada magistrica politi\u010dkih nauka Milena Radonji\u0107 je, nakon \u0161to se kratko uklju\u010dila u raspavu na skupu na kome su mladi politi\u010dari, studentski i civilni aktivisti razgovarali na temu odlaska mladih iz Crne Gore, rekla da mora da ode ranije kako bi u\u010dinila uslugu svojoj prijateljici koja se sprema da ode iz Crne Gore.<\/p>\n<p>Milenina prijateljica pripada onom nadpolovi\u010dnom dijelu crnogorske mladosti koja, prema istra\u017eivanju nedavno <a href=\"http:\/\/cgo-cce.org\/2019\/05\/11\/mladi-moraju-dobiti-vecu-paznju-svih\/#.XN61I6RS_IU\">predstavljenom u Centru za gra\u0111ansko obazovanje<\/a>, \u017eeli da ode iz Crne Gore. Ovi dramati\u010dni podaci, dopunjeni podatkom iz istog istra\u017eivanja, da samo 19 podsto mladih planira da ostane u Crnoj Gori, bili su povod za dana\u0161nji panel <a href=\"https:\/\/www.facebook.com\/Montenegro.European.Union\/?__tn__=kC-R&amp;eid=ARAchsHAIe_P9F_hX_aN7sHcktMhcLlrzCRWa3xgAMlcHs2W1mljcY_Oz5XtHIhcLzQUdURzCLNbDUg5&amp;hc_ref=ARQaCmKHqY1Rj5_8NLXYjzT4IHIpqMSkE0_u7V5Eh0e3cRZDLBLZItOOE_2oFXuhJiY&amp;__xts__[0]=68.ARDwCYfKT1Lo5sTW9p9NpodjQGqOAjh6jF3duhJyJpChwkjTCPK8piOSdeMc6_E4Vv--z_oJo9kuTcdakNs6WhSYE_dVDsfj-0zrPvkq568q5haXGMpisIYzQcJ-png0P5H1ca4fTzHydSRzUBzIhiYn6PPkWiHObiVXSorICPAFNEm9HDBTSvXHDRI7lOupHCi39RYqKN782WPBZgL9BgW0E-rcIAb-Bcc4hP-qnQhSlS160RgQGGvx180dtie2pIj0FbVjLEL5mdkgECMiQbJKkNcYN3ASSaaNQiFn93GLSgGzZpQdhAjfA2nfroLYiJeN-412u-_yK9C1vdCdaEmTmc4\">&#8220;Ostajemo li ovdje?&#8221;<\/a>, koji su organizovale dvije nevladine organizacije i jedna fondacija (<a href=\"https:\/\/www.facebook.com\/nvocosmo\/\">COSMO<\/a>, <a href=\"https:\/\/www.facebook.com\/Montenegro.European.Union\/?__tn__=%2CdkC-R&amp;eid=ARBQREFuGkquALyO_0QIvPUdxwHQVC8a4XVho9_wVGez9xeiGxEJLL8_itYmiuw0ngDIohQPWoZ5Wyjc&amp;hc_ref=ARR5LuPURfDUFcoivFJEn6pxHDz6vMUBs_9IfUVg3zp_CVsCjnU5HKCpofzzp2z1e2k\">Green platform Montenegro<\/a>, <a href=\"http:\/\/budva2020.me\/o-nama\/\">Fondacija Budva<\/a>), odr\u017ean u prostorijma Fakultata za dr\u017eavne i evropske studije u Podgorici.<\/p>\n<p>Kao \u0161to je Milena, kroz \u0161alu, obe\u0107ala da \u0107e nagovoriti svoju prijateljicu da ostane, tako su se i u\u010desnici panela dogovorili da, poslije ovog prvog koraka, u\u010dine i niz sljede\u0107ih kako bi pomogli da Crna Gora u budu\u0107nosti postane privla\u010dnija svojim mladim ljudima za rad i \u017eivot, kako onima koji su jo\u0161 tu, tako i onima koji su ve\u0107 prekora\u010dili granicu.<\/p>\n<p>Konkretno je dogovoreno da u\u010desnici\/ce dana\u0161njeg panela ostanu umre\u017eeni, da sljede\u0107i korak bude formiranje radne grupe koja bi pipremila platformu za zajedni\u010dko djelovanje mladih iz politi\u010dkih stranaka i civilnog dru\u0161tva.<\/p>\n<p>Jedna od ideja je da zajedni\u010dki bude nastavljena kampanja &#8220;Ne\u0107u da idem&#8221;, koju je po\u010dela Studentska inicijativa SI), nedavno osnovana organizacija mladih, koja ovih dana <a href=\"http:\/\/www.pcnen.com\/portal\/2019\/05\/16\/studentska-inicijativa-ucg-da-ne-zabranjuje-predrokove\/\">bije bitku sa upravom Univerziteta Crne Gore<\/a>, koja je odlu\u010dila da prekine sa vi\u0161e godina dugom praksom odobravanja predrokova za studete\/kinje koji planiraju da ljetnje ferije provedu u inostranstvu kako bi zaradili ne\u0161to novca.<\/p>\n<p>Vuk Vujisi\u0107 iz SI je, odlaze\u0107i ne\u0161to ranije sa panela, &#8216;dao zadatak&#8217; mladim politi\u010darima iz partija vladaju\u0107e koalicije da iskoriste svoj uticaj i pomognu afirmativnom rje\u0161avanju problema predrokova na fakultetima.<\/p>\n<p>Nikola Zirojevi\u0107 iz Socijaldemokrata CG je javno obe\u0107ao da \u0107e nastojati da pomogne. (Ministar obrazovanja Damir \u0160ekovi\u0107 je iz ove partije.)<\/p>\n<p>Iako su bili pozvani, predstavnici Studentskog parlamenta, formalne studentske organizacije na dr\u017eavnom univerzitetu, nijesu se pojavili na skupu, a prema navodima organizatora, nijesu im ni odgovorili na poziv.<\/p>\n<p>&nbsp;<\/p>\n<p>&nbsp;<\/p>\n<p>&nbsp;<\/p>\n","protected":false},"excerpt":{"rendered":"<p>U\u010dinjen prvi korak na zajednikoj aktivnosti mladih crnogorskih politi\u010dara i civilnih aktivista na rje\u0161avanju problema odlaska mladih u inostranstvo<\/p>\n","protected":false},"author":1,"featured_media":266270,"comment_status":"open","ping_status":"closed","sticky":false,"template":"","format":"standard","meta":{"_seopress_robots_primary_cat":"","_seopress_titles_title":"","_seopress_titles_desc":"","_seopress_robots_index":"","_et_pb_use_builder":"","_et_pb_old_content":"","_et_gb_content_width":"","inline_featured_image":false,"footnotes":""},"categories":[14,12],"tags":[],"class_list":["post-266269","post","type-post","status-publish","format-standard","has-post-thumbnail","hentry","category-vijesti","category-prica-dana"],"_links":{"self":[{"href":"https:\/\/www.pcnen.com\/portal\/wp-json\/wp\/v2\/posts\/266269","targetHints":{"allow":["GET"]}}],"collection":[{"href":"https:\/\/www.pcnen.com\/portal\/wp-json\/wp\/v2\/posts"}],"about":[{"href":"https:\/\/www.pcnen.com\/portal\/wp-json\/wp\/v2\/types\/post"}],"author":[{"embeddable":true,"href":"https:\/\/www.pcnen.com\/portal\/wp-json\/wp\/v2\/users\/1"}],"replies":[{"embeddable":true,"href":"https:\/\/www.pcnen.com\/portal\/wp-json\/wp\/v2\/comments?post=266269"}],"version-history":[{"count":0,"href":"https:\/\/www.pcnen.com\/portal\/wp-json\/wp\/v2\/posts\/266269\/revisions"}],"wp:featuredmedia":[{"embeddable":true,"href":"https:\/\/www.pcnen.com\/portal\/wp-json\/wp\/v2\/media\/266270"}],"wp:attachment":[{"href":"https:\/\/www.pcnen.com\/portal\/wp-json\/wp\/v2\/media?parent=266269"}],"wp:term":[{"taxonomy":"category","embeddable":true,"href":"https:\/\/www.pcnen.com\/portal\/wp-json\/wp\/v2\/categories?post=266269"},{"taxonomy":"post_tag","embeddable":true,"href":"https:\/\/www.pcnen.com\/portal\/wp-json\/wp\/v2\/tags?post=266269"}],"curies":[{"name":"wp","href":"https:\/\/api.w.org\/{rel}","templated":true}]}}