{"id":266248,"date":"2019-05-17T11:17:42","date_gmt":"2019-05-17T09:17:42","guid":{"rendered":"http:\/\/www.pcnen.com\/portal\/?p=266248"},"modified":"2019-05-17T11:28:23","modified_gmt":"2019-05-17T09:28:23","slug":"mjestani-sprijecili-radove-na-bukovici","status":"publish","type":"post","link":"https:\/\/www.pcnen.com\/portal\/2019\/05\/17\/mjestani-sprijecili-radove-na-bukovici\/","title":{"rendered":"Mje\u0161tani sprije\u010dili radove na Bukovici"},"content":{"rendered":"<p><div id=\"attachment_245829\" style=\"width: 310px\" class=\"wp-caption alignright\"><img loading=\"lazy\" decoding=\"async\" aria-describedby=\"caption-attachment-245829\" src=\"http:\/\/www.pcnen.com\/portal\/wp-content\/uploads\/2018\/05\/odbrana-bukovice-300x220.jpg\" alt=\"\" width=\"300\" height=\"220\" class=\"size-medium wp-image-245829\" \/><p id=\"caption-attachment-245829\" class=\"wp-caption-text\">Arhivski snimak: &#8216;Ni fla\u0161u vode vam ne damo&#8217;, poru\u010deno investitorima u hidro-elektranu<\/p><\/div>Iako mje\u0161tani sela uz rijeku Bukovicu stra\u017eare kako <a href=\"http:\/\/www.pcnen.com\/portal\/2018\/05\/01\/rijeka-bukovica-okupila-svoju-odbranu\/\">ne bi dozvolili da firma<\/a> Hydra Mne da nastavi sa pripremnim radovima na gradnji mini hidroelektrana (mHE) Bukovica 1 i Bukovica 2 na toj rijeci, u op\u0161tini \u0160avnik, jutros poku\u0161ali da nastave sa radovima.<\/p>\n<p>Izvo\u0111a\u010d radova firma Hydra, poku\u0161ao je da probije put kroz privatno imanje uprkos tome \u0161to je advokat vlasnika imanja od suda tra\u017eio da izda privremenju mjeru zabrane.<\/p>\n<p>Mje\u0161tani su stali ispred radnka i sprije\u010dili radove, a vlasnik imanja je rekao da je ju\u010de podnio prijavu.<\/p>\n<p>&#8220;Zahvaljuju\u0107i ljudima koji stra\u017eare radovi nijesu nastavljeni. Radnici su kazali da im je vlasnik imanja dozvolio da nastave sa radovima pa su zato po\u010deli, \u0161to nije istina. Sa nama je vlasnik imanja koji je protiv izvo\u0111a\u010da radova ju\u010de podnio krivi\u010dnu prijavu i koji je poru\u010dio da im ne\u0107e dozvoliti da nastave sa radovima. Radnici su obustavili radove i danas ne\u0107e nastavljati&#8221;, kazao je Vijestima Veljko Bulatovi\u0107 iz NVO Donja Bukovica.<\/p>\n<p>Vlasnici firme Hydra Mne, Milovan Maksimovi\u0107 i Jovan Gordijan po\u010deli su ranije sa pripremnim radovima za gradnju mini hidroelektrana. Koncesija je dobijena na 27 godina.<\/p>\n<p>Ekolo\u0161ki pokret Donja Bukovica je prije mjesec predao predsjedniku Op\u0161tine \u0160avnik inicijativu za izradu studije zastite podru\u010dja rijeke Bukovice.<\/p>\n","protected":false},"excerpt":{"rendered":"<p>Iako mje\u0161tani sela uz rijeku Bukovicu stra\u017eare kako ne bi dozvolili da firma Hydra Mne da nastavi sa pripremnim radovima na gradnji mini hidroelektrana (mHE) Bukovica 1 i Bukovica 2 na toj rijeci, u op\u0161tini \u0160avnik, jutros poku\u0161ali da nastave sa radovima. Izvo\u0111a\u010d radova firma Hydra, poku\u0161ao je da probije put kroz privatno imanje uprkos [&hellip;]<\/p>\n","protected":false},"author":1,"featured_media":245829,"comment_status":"open","ping_status":"closed","sticky":false,"template":"","format":"standard","meta":{"_seopress_robots_primary_cat":"","_seopress_titles_title":"","_seopress_titles_desc":"","_seopress_robots_index":"","_et_pb_use_builder":"","_et_pb_old_content":"","_et_gb_content_width":"","inline_featured_image":false,"footnotes":""},"categories":[14,12],"tags":[],"class_list":["post-266248","post","type-post","status-publish","format-standard","has-post-thumbnail","hentry","category-vijesti","category-prica-dana"],"_links":{"self":[{"href":"https:\/\/www.pcnen.com\/portal\/wp-json\/wp\/v2\/posts\/266248","targetHints":{"allow":["GET"]}}],"collection":[{"href":"https:\/\/www.pcnen.com\/portal\/wp-json\/wp\/v2\/posts"}],"about":[{"href":"https:\/\/www.pcnen.com\/portal\/wp-json\/wp\/v2\/types\/post"}],"author":[{"embeddable":true,"href":"https:\/\/www.pcnen.com\/portal\/wp-json\/wp\/v2\/users\/1"}],"replies":[{"embeddable":true,"href":"https:\/\/www.pcnen.com\/portal\/wp-json\/wp\/v2\/comments?post=266248"}],"version-history":[{"count":0,"href":"https:\/\/www.pcnen.com\/portal\/wp-json\/wp\/v2\/posts\/266248\/revisions"}],"wp:featuredmedia":[{"embeddable":true,"href":"https:\/\/www.pcnen.com\/portal\/wp-json\/wp\/v2\/media\/245829"}],"wp:attachment":[{"href":"https:\/\/www.pcnen.com\/portal\/wp-json\/wp\/v2\/media?parent=266248"}],"wp:term":[{"taxonomy":"category","embeddable":true,"href":"https:\/\/www.pcnen.com\/portal\/wp-json\/wp\/v2\/categories?post=266248"},{"taxonomy":"post_tag","embeddable":true,"href":"https:\/\/www.pcnen.com\/portal\/wp-json\/wp\/v2\/tags?post=266248"}],"curies":[{"name":"wp","href":"https:\/\/api.w.org\/{rel}","templated":true}]}}