{"id":266237,"date":"2019-05-17T08:19:35","date_gmt":"2019-05-17T06:19:35","guid":{"rendered":"http:\/\/www.pcnen.com\/portal\/?p=266237"},"modified":"2019-05-17T09:26:40","modified_gmt":"2019-05-17T07:26:40","slug":"kandidati-za-savjet-rtcg","status":"publish","type":"post","link":"https:\/\/www.pcnen.com\/portal\/2019\/05\/17\/kandidati-za-savjet-rtcg\/","title":{"rendered":"Kandidati za Savjet RTCG"},"content":{"rendered":"<p><img loading=\"lazy\" decoding=\"async\" class=\"alignright size-medium wp-image-72610\" src=\"http:\/\/www.pcnen.com\/portal\/wp-content\/uploads\/2012\/01\/Zgrada-RTCG-300x207.jpg\" alt=\"\" width=\"300\" height=\"207\" \/>Administrativni odbor Skup\u0161tine Crne Gore je utvrdio ju\u010de listu kandidata za \u010dlanove Savjeta Radio televizije Crne Gore (RTCG), \u010dijem aktuelnom sazivu mandat isti\u010de 19. juna..<\/p>\n<p>Univerzitet Donja Gorica predlo\u017eio je Ivana Joveti\u0107a, sada\u0161njeg \u010dlana Savjeta, a Univerzitet Crne Gore \u0110ur\u0111icu Perovi\u0107, profesoricu Fakulteta za turizam i hotelijerstvo. Bira se jedan kandidat.<\/p>\n<p>Crnogorska akademija nauka i umjetnosti i Matica crnogorska predlo\u017eili su Iliju Despotovi\u0107a, novinara u penziji.<\/p>\n<p>Nacionalne ustanove kulture i nevladine organizacije (NVO) iz oblasti kulture predlo\u017eili su slikara Davida Deliba\u0161i\u0107a.<\/p>\n<p>Privredna komora Crne Gore i Udu\u017eenja poslodavaca, koje je zastupljeno u Socijalnom savjetu, predlo\u017eili su Pavla Radovanovi\u0107a, generalnog sekretara Privredne komore.<\/p>\n<p>NVO iz oblasti medija, osim Udru\u017eenja emitera, predlo\u017eile su Milana Radovi\u0107a, dosada\u0161njeg \u010dlana Savjeta.<\/p>\n<p>NVO iz oblasti za\u0161tite ljudskih prava i sloboda predlo\u017eili su Gorana Sekulovi\u0107a, dosada\u0161njeg \u010dlana Savjeta, izabranog na nelegalan na\u010din, prema <a href=\"http:\/\/www.pcnen.com\/portal\/2018\/09\/07\/analiza-postupka-imenovanja-clanova-savjeta-rtcg\/\">nalazima Media centra.<\/a><\/p>\n<p>Sindikat koji je zastupljen u Socijalnom savjetu predlo\u017eio je Nikolu Tatara.<\/p>\n<p>Crnogorski olimpijski komitet (COK) i Crnogorski paraolimpijski komitet predlo\u017eili su Predraga Marseni\u0107a, direktor COK-a.<\/p>\n<p>Aktuelni saziv Savjeta RTCG je nelegalno izmijenjen istjerivanjem Nikole Vuk\u010devi\u0107a i Gorana \u0110urovi\u0107a, nakon \u010dega je do\u0161lo do <a href=\"http:\/\/www.pcnen.com\/portal\/2018\/06\/07\/savjet-rtcg-razrijesio-andrijanu-kadiju\/\">smjena generalne direktorice RTCG Andrijane Kadije<\/a> i direktora TVCG Vladana Mi\u0107unovi\u0107a. Ove smjene su dovele do drasti\u010dne promjene ure\u0111iva\u010dke politike i pada povjerenja gra\u0111ana u nacionalni javni servis, \u0161to je rezultiralo zahtjevima za ostavkama, iznesenim na protestima gra\u0111ana\/ki u organizaciji pokreta &#8216;Odupri se&#8217;.<\/p>\n","protected":false},"excerpt":{"rendered":"<p>Administrativni odbor Skup\u0161tine Crne Gore je utvrdio ju\u010de listu kandidata za \u010dlanove Savjeta Radio televizije Crne Gore (RTCG), \u010dijem aktuelnom sazivu mandat isti\u010de 19. juna.. Univerzitet Donja Gorica predlo\u017eio je Ivana Joveti\u0107a, sada\u0161njeg \u010dlana Savjeta, a Univerzitet Crne Gore \u0110ur\u0111icu Perovi\u0107, profesoricu Fakulteta za turizam i hotelijerstvo. Bira se jedan kandidat. Crnogorska akademija nauka i [&hellip;]<\/p>\n","protected":false},"author":1,"featured_media":0,"comment_status":"open","ping_status":"closed","sticky":false,"template":"","format":"standard","meta":{"_seopress_robots_primary_cat":"","_seopress_titles_title":"","_seopress_titles_desc":"","_seopress_robots_index":"","_et_pb_use_builder":"","_et_pb_old_content":"","_et_gb_content_width":"","inline_featured_image":false,"footnotes":""},"categories":[14],"tags":[],"class_list":["post-266237","post","type-post","status-publish","format-standard","hentry","category-vijesti"],"_links":{"self":[{"href":"https:\/\/www.pcnen.com\/portal\/wp-json\/wp\/v2\/posts\/266237","targetHints":{"allow":["GET"]}}],"collection":[{"href":"https:\/\/www.pcnen.com\/portal\/wp-json\/wp\/v2\/posts"}],"about":[{"href":"https:\/\/www.pcnen.com\/portal\/wp-json\/wp\/v2\/types\/post"}],"author":[{"embeddable":true,"href":"https:\/\/www.pcnen.com\/portal\/wp-json\/wp\/v2\/users\/1"}],"replies":[{"embeddable":true,"href":"https:\/\/www.pcnen.com\/portal\/wp-json\/wp\/v2\/comments?post=266237"}],"version-history":[{"count":0,"href":"https:\/\/www.pcnen.com\/portal\/wp-json\/wp\/v2\/posts\/266237\/revisions"}],"wp:attachment":[{"href":"https:\/\/www.pcnen.com\/portal\/wp-json\/wp\/v2\/media?parent=266237"}],"wp:term":[{"taxonomy":"category","embeddable":true,"href":"https:\/\/www.pcnen.com\/portal\/wp-json\/wp\/v2\/categories?post=266237"},{"taxonomy":"post_tag","embeddable":true,"href":"https:\/\/www.pcnen.com\/portal\/wp-json\/wp\/v2\/tags?post=266237"}],"curies":[{"name":"wp","href":"https:\/\/api.w.org\/{rel}","templated":true}]}}