{"id":266225,"date":"2019-05-16T23:45:16","date_gmt":"2019-05-16T21:45:16","guid":{"rendered":"http:\/\/www.pcnen.com\/portal\/?p=266225"},"modified":"2019-05-16T23:45:16","modified_gmt":"2019-05-16T21:45:16","slug":"studentska-inicijativa-ucg-da-ne-zabranjuje-predrokove","status":"publish","type":"post","link":"https:\/\/www.pcnen.com\/portal\/2019\/05\/16\/studentska-inicijativa-ucg-da-ne-zabranjuje-predrokove\/","title":{"rendered":"Studentska inicijativa: UCG da ne zabranjuje predrokove"},"content":{"rendered":"<p><img loading=\"lazy\" decoding=\"async\" class=\"alignright  wp-image-263899\" src=\"http:\/\/www.pcnen.com\/portal\/wp-content\/uploads\/2019\/04\/studentska-inicijativa.jpg\" alt=\"\" width=\"197\" height=\"197\" \/>Studentska inicijativa (SI) je apelovala danas na Univerzitet Crne Gore (UCG) da ne zabranjuje predrokove za studente kojima su potrebni zbog rada u inostranstvu i sezonskih poslova, a profesore, I sve fakultetske jedinice, pozvala da nastave sa dosada\u0161njom praksom.<\/p>\n<p>\u201cU slu\u010daju nepostupanja po apelu i zahtjevu pozivamo kolege da dignu glas i izbore se za svoja prava i interese, i da zajedno skupimo \u0161to vi\u0161e potpisa i predamo zahtjev UCG. UCG je tu zbog nas, a nismo mi tu zbog njega\u201c, poru\u010dili su iz SI.<\/p>\n<p>Ovaj apel je uslijedio nakon \u0161to je UCG, pozivaju\u0107i se na Statut, uputio dopis univerzitetskim jedinicama da zabrane predrokove i time onemogu\u0107e mnogim studentima da pola\u017eu ispite i ujedno u\u010destvuju u programima WAT .<\/p>\n<p>\u201cDa stvar bude jo\u0161 gora, dopis upravo sti\u017ee u periodu kada se i realizuju predrokovi\u201c, isti\u010de SI u saop\u0161tenju za medije.<\/p>\n<p>SI smatra da UCG treba da Statut prilagodi potrebama studenata, \u0161to prije povu\u010de odluku o zabrani i omogu\u0107e studentima da nesmetano pola\u017eu i rade.<\/p>\n","protected":false},"excerpt":{"rendered":"<p>Studentska inicijativa (SI) je apelovala danas na Univerzitet Crne Gore (UCG) da ne zabranjuje predrokove za studente kojima su potrebni zbog rada u inostranstvu i sezonskih poslova, a profesore, I sve fakultetske jedinice, pozvala da nastave sa dosada\u0161njom praksom. \u201cU slu\u010daju nepostupanja po apelu i zahtjevu pozivamo kolege da dignu glas i izbore se za [&hellip;]<\/p>\n","protected":false},"author":1,"featured_media":0,"comment_status":"open","ping_status":"closed","sticky":false,"template":"","format":"standard","meta":{"_seopress_robots_primary_cat":"","_seopress_titles_title":"","_seopress_titles_desc":"","_seopress_robots_index":"","_et_pb_use_builder":"","_et_pb_old_content":"","_et_gb_content_width":"","inline_featured_image":false,"footnotes":""},"categories":[14],"tags":[],"class_list":["post-266225","post","type-post","status-publish","format-standard","hentry","category-vijesti"],"_links":{"self":[{"href":"https:\/\/www.pcnen.com\/portal\/wp-json\/wp\/v2\/posts\/266225","targetHints":{"allow":["GET"]}}],"collection":[{"href":"https:\/\/www.pcnen.com\/portal\/wp-json\/wp\/v2\/posts"}],"about":[{"href":"https:\/\/www.pcnen.com\/portal\/wp-json\/wp\/v2\/types\/post"}],"author":[{"embeddable":true,"href":"https:\/\/www.pcnen.com\/portal\/wp-json\/wp\/v2\/users\/1"}],"replies":[{"embeddable":true,"href":"https:\/\/www.pcnen.com\/portal\/wp-json\/wp\/v2\/comments?post=266225"}],"version-history":[{"count":0,"href":"https:\/\/www.pcnen.com\/portal\/wp-json\/wp\/v2\/posts\/266225\/revisions"}],"wp:attachment":[{"href":"https:\/\/www.pcnen.com\/portal\/wp-json\/wp\/v2\/media?parent=266225"}],"wp:term":[{"taxonomy":"category","embeddable":true,"href":"https:\/\/www.pcnen.com\/portal\/wp-json\/wp\/v2\/categories?post=266225"},{"taxonomy":"post_tag","embeddable":true,"href":"https:\/\/www.pcnen.com\/portal\/wp-json\/wp\/v2\/tags?post=266225"}],"curies":[{"name":"wp","href":"https:\/\/api.w.org\/{rel}","templated":true}]}}