{"id":266177,"date":"2019-05-16T10:54:55","date_gmt":"2019-05-16T08:54:55","guid":{"rendered":"http:\/\/www.pcnen.com\/portal\/?p=266177"},"modified":"2019-05-16T18:33:50","modified_gmt":"2019-05-16T16:33:50","slug":"desnicarski-hrvatski-tjednik-papu-nazvao-antihristom","status":"publish","type":"post","link":"https:\/\/www.pcnen.com\/portal\/2019\/05\/16\/desnicarski-hrvatski-tjednik-papu-nazvao-antihristom\/","title":{"rendered":"Desni\u010darski &#8216;Hrvatski tjednik&#8217; Papu nazvao antihristom"},"content":{"rendered":"<p><img loading=\"lazy\" decoding=\"async\" class=\"alignright size-full wp-image-266178\" src=\"http:\/\/www.pcnen.com\/portal\/wp-content\/uploads\/2019\/05\/papa-antihrist.jpg\" alt=\"\" width=\"250\" height=\"288\" srcset=\"https:\/\/www.pcnen.com\/portal\/wp-content\/uploads\/2019\/05\/papa-antihrist.jpg 250w, https:\/\/www.pcnen.com\/portal\/wp-content\/uploads\/2019\/05\/papa-antihrist-235x271.jpg 235w, https:\/\/www.pcnen.com\/portal\/wp-content\/uploads\/2019\/05\/papa-antihrist-75x86.jpg 75w, https:\/\/www.pcnen.com\/portal\/wp-content\/uploads\/2019\/05\/papa-antihrist-220x253.jpg 220w\" sizes=\"(max-width: 250px) 100vw, 250px\" \/>Podstaknuti Papinom i<a href=\"http:\/\/www.pcnen.com\/portal\/2019\/05\/08\/papa-naljutio-hrvatske-desnicare\/\">zjavom da postoje odre\u0111ene istorijske <\/a>nejasno\u0107e vezane uz progla\u0161enje Alojzija Stepinca svetim, na naslovnici desni\u010darskog Hrvatskog tjednik papu Franja su nazvali antihristom. https:\/\/www.index.hr\/vijesti\/clanak\/desnicarski-hrvatski-tjednik-papu-proglasio-antikristom\/2085912.aspx<\/p>\n<p>Naslovnicu su opremili fotografijom Pape sa natpisom &#8220;ANTIHRIST &#8211; pontifex maximus&#8221;.<\/p>\n<p>Dodali su da \u0107e &#8220;Stepinac biti svetac, a svetim \u0107e ga proglasiti onaj papa koji bude dostojan njegove svetosti&#8221;.<\/p>\n<p>Ispod Pape je postavljen citat monsinjora Mila Bogovi\u0107a koji ka\u017ee da je &#8220;napad pape Franja na Hrvate poput srpske bombe&#8221; i da ga ne treba pozivati u Hrvatsku.<\/p>\n","protected":false},"excerpt":{"rendered":"<p>Podstaknuti Papinom izjavom da postoje odre\u0111ene istorijske nejasno\u0107e vezane uz progla\u0161enje Alojzija Stepinca svetim, na naslovnici desni\u010darskog Hrvatskog tjednik papu Franja su nazvali antihristom. https:\/\/www.index.hr\/vijesti\/clanak\/desnicarski-hrvatski-tjednik-papu-proglasio-antikristom\/2085912.aspx Naslovnicu su opremili fotografijom Pape sa natpisom &#8220;ANTIHRIST &#8211; pontifex maximus&#8221;. Dodali su da \u0107e &#8220;Stepinac biti svetac, a svetim \u0107e ga proglasiti onaj papa koji bude dostojan njegove svetosti&#8221;. [&hellip;]<\/p>\n","protected":false},"author":1,"featured_media":266178,"comment_status":"open","ping_status":"closed","sticky":false,"template":"","format":"standard","meta":{"_seopress_robots_primary_cat":"","_seopress_titles_title":"","_seopress_titles_desc":"","_seopress_robots_index":"","_et_pb_use_builder":"","_et_pb_old_content":"","_et_gb_content_width":"","inline_featured_image":false,"footnotes":""},"categories":[14,12],"tags":[],"class_list":["post-266177","post","type-post","status-publish","format-standard","has-post-thumbnail","hentry","category-vijesti","category-prica-dana"],"_links":{"self":[{"href":"https:\/\/www.pcnen.com\/portal\/wp-json\/wp\/v2\/posts\/266177","targetHints":{"allow":["GET"]}}],"collection":[{"href":"https:\/\/www.pcnen.com\/portal\/wp-json\/wp\/v2\/posts"}],"about":[{"href":"https:\/\/www.pcnen.com\/portal\/wp-json\/wp\/v2\/types\/post"}],"author":[{"embeddable":true,"href":"https:\/\/www.pcnen.com\/portal\/wp-json\/wp\/v2\/users\/1"}],"replies":[{"embeddable":true,"href":"https:\/\/www.pcnen.com\/portal\/wp-json\/wp\/v2\/comments?post=266177"}],"version-history":[{"count":0,"href":"https:\/\/www.pcnen.com\/portal\/wp-json\/wp\/v2\/posts\/266177\/revisions"}],"wp:featuredmedia":[{"embeddable":true,"href":"https:\/\/www.pcnen.com\/portal\/wp-json\/wp\/v2\/media\/266178"}],"wp:attachment":[{"href":"https:\/\/www.pcnen.com\/portal\/wp-json\/wp\/v2\/media?parent=266177"}],"wp:term":[{"taxonomy":"category","embeddable":true,"href":"https:\/\/www.pcnen.com\/portal\/wp-json\/wp\/v2\/categories?post=266177"},{"taxonomy":"post_tag","embeddable":true,"href":"https:\/\/www.pcnen.com\/portal\/wp-json\/wp\/v2\/tags?post=266177"}],"curies":[{"name":"wp","href":"https:\/\/api.w.org\/{rel}","templated":true}]}}