{"id":266148,"date":"2019-05-15T17:50:36","date_gmt":"2019-05-15T15:50:36","guid":{"rendered":"http:\/\/www.pcnen.com\/portal\/?p=266148"},"modified":"2019-05-15T18:22:48","modified_gmt":"2019-05-15T16:22:48","slug":"knezevic-depozite-aerodroma-cg-sam-ugovarao-sa-brajovicem","status":"publish","type":"post","link":"https:\/\/www.pcnen.com\/portal\/2019\/05\/15\/knezevic-depozite-aerodroma-cg-sam-ugovarao-sa-brajovicem\/","title":{"rendered":"Kne\u017eevi\u0107: Depozite Aerodroma CG sam ugovarao sa Brajovi\u0107em"},"content":{"rendered":"<p><img loading=\"lazy\" decoding=\"async\" class=\"alignright size-medium wp-image-261178\" src=\"http:\/\/www.pcnen.com\/portal\/wp-content\/uploads\/2019\/02\/knezevic-brajovic-300x190.jpg\" alt=\"\" width=\"300\" height=\"190\" srcset=\"https:\/\/www.pcnen.com\/portal\/wp-content\/uploads\/2019\/02\/knezevic-brajovic.jpg 300w, https:\/\/www.pcnen.com\/portal\/wp-content\/uploads\/2019\/02\/knezevic-brajovic-235x149.jpg 235w, https:\/\/www.pcnen.com\/portal\/wp-content\/uploads\/2019\/02\/knezevic-brajovic-75x48.jpg 75w, https:\/\/www.pcnen.com\/portal\/wp-content\/uploads\/2019\/02\/knezevic-brajovic-220x139.jpg 220w\" sizes=\"(max-width: 300px) 100vw, 300px\" \/>Predsjednik Atlas Grupe Du\u0161ko Kne\u017eevi\u0107, osumnji\u010den i optu\u017een u Crnoj Gori za vi\u0161e krivi\u010dnih djela, prozvao je danas predsjednika Skup\u0161tine Crne Gore i predsjednika Socijaldemokrata Ivana Brajovi\u0107a da je direktno sa njim dogovarao dr\u017eanje depozita Aerodroma CG u Atlas banci, a da je, zauzvrat, ta banka Brajovi\u0107u zatvorila \u201csve kredite koje je imao u Atlas banci\u201c, kao i da je, u tu svrhu, dogovoreno da Kne\u017eevi\u0107evi \u00a0prijatelji plate Brajovi\u0107ev plac u Bjelopavli\u0107ima \u201cpo vi\u0161estruko ve\u0107oj cijeni od realne\u201c.<\/p>\n<p>\u201cTako\u0111e, Brajovi\u0107 je dobijao naknadu od mene, navodno za potrebe partije\u201c, poru\u010dio je Kne\u017eevi\u0107 u izjavi za javnost, datoj povodom hap\u0161enja biv\u0161eg izvr\u0161nog direktora Atlas banke Marka Nikoli\u0107a i slu\u017ebenice te banke Dijane Ze\u010devi\u0107.<\/p>\n<p>Njih dvoje su, prema navodima iz izjave Kne\u017eevi\u0107a, uhap\u0161eni zbog depozita javnog preduze\u0107a Aerodromi Crne Gore u Atlas banci.<\/p>\n<p>\u201cAerodromi Crne Gore, kao i mnoge dr\u017eavne institucije i preduze\u0107a, vi\u0161e od 10 godina dr\u017ee depozite u Atlas banci, a g. Nikoli\u0107 je glavni izvr\u0161ni direktor od 2017. godine. On sa tim nema nikakve veze i nije ni znao za pozadinu tog posla. Nakon poslednjeg depozita do\u0161lo je do sukoba direktora Aerodroma CG Danila Orlandi\u0107a i Ivana Brajovi\u0107a, predsjednika Skup\u0161tine Crne Gore i predsjednika SD, partije u kojoj je i Orlandi\u0107. Ja sam direktno sa Brajovi\u0107em dogovarao dr\u017eanje depozita Aerodroma CG u Atlas banci. Zauzvrat, zatvorili smo mu sve kredite koje je imao u Atlas banci, u tu svrhu sam sa njim dogovorio da mu moji prijatelji plate plac u Bjelopavli\u0107ima po vi\u0161estruko ve\u0107oj cijeni od realne. Tako\u0111e, Brajovi\u0107 je dobijao naknadu od mene, navodno za potrebe partije\u201c, pi\u0161e u Kne\u017eevi\u0107evoj izjavi za javnost.<\/p>\n<p>Kne\u017eevi\u0107 je najavio da \u010de advokati Atlas Grupe protiv Brajovi\u0107a podnijeti krivi\u010dnu prijavu zbog reketiranja i korupcije, a sva dokumentacija i evidencija vezana za depozite Aerodroma CG bi\u0107e predata tu\u017eila\u0161tvu.<\/p>\n<p>Kne\u017eevi\u0107 je i ranije <a href=\"http:\/\/www.pcnen.com\/portal\/2019\/02\/14\/brajovic-dobio-150-hiljada-za-livadu-trece-klase\/\">prozivao Brajovi\u0107a<\/a> u vezi sa prodajom placa u Bjelopavli\u0107ima.<\/p>\n","protected":false},"excerpt":{"rendered":"<p>&#8220;Brajovi\u0107 je dobijao naknadu od mene, navodno za potrebe partije\u201c<\/p>\n","protected":false},"author":1,"featured_media":261178,"comment_status":"open","ping_status":"closed","sticky":false,"template":"","format":"standard","meta":{"_seopress_robots_primary_cat":"","_seopress_titles_title":"","_seopress_titles_desc":"","_seopress_robots_index":"","_et_pb_use_builder":"","_et_pb_old_content":"","_et_gb_content_width":"","inline_featured_image":false,"footnotes":""},"categories":[14,12],"tags":[],"class_list":["post-266148","post","type-post","status-publish","format-standard","has-post-thumbnail","hentry","category-vijesti","category-prica-dana"],"_links":{"self":[{"href":"https:\/\/www.pcnen.com\/portal\/wp-json\/wp\/v2\/posts\/266148","targetHints":{"allow":["GET"]}}],"collection":[{"href":"https:\/\/www.pcnen.com\/portal\/wp-json\/wp\/v2\/posts"}],"about":[{"href":"https:\/\/www.pcnen.com\/portal\/wp-json\/wp\/v2\/types\/post"}],"author":[{"embeddable":true,"href":"https:\/\/www.pcnen.com\/portal\/wp-json\/wp\/v2\/users\/1"}],"replies":[{"embeddable":true,"href":"https:\/\/www.pcnen.com\/portal\/wp-json\/wp\/v2\/comments?post=266148"}],"version-history":[{"count":0,"href":"https:\/\/www.pcnen.com\/portal\/wp-json\/wp\/v2\/posts\/266148\/revisions"}],"wp:featuredmedia":[{"embeddable":true,"href":"https:\/\/www.pcnen.com\/portal\/wp-json\/wp\/v2\/media\/261178"}],"wp:attachment":[{"href":"https:\/\/www.pcnen.com\/portal\/wp-json\/wp\/v2\/media?parent=266148"}],"wp:term":[{"taxonomy":"category","embeddable":true,"href":"https:\/\/www.pcnen.com\/portal\/wp-json\/wp\/v2\/categories?post=266148"},{"taxonomy":"post_tag","embeddable":true,"href":"https:\/\/www.pcnen.com\/portal\/wp-json\/wp\/v2\/tags?post=266148"}],"curies":[{"name":"wp","href":"https:\/\/api.w.org\/{rel}","templated":true}]}}